{"id":96768,"date":"2023-09-19T18:41:18","date_gmt":"2023-09-19T21:41:18","guid":{"rendered":"https:\/\/www.centraldenoticias.com.ar\/?p=96768"},"modified":"2023-09-19T19:49:49","modified_gmt":"2023-09-19T22:49:49","slug":"el-presidente-del-banco-provincia-dara-una-charla-para-comerciantes-y-emprendedores-en-olavarria","status":"publish","type":"post","link":"https:\/\/cdnoticias.com\/index.php\/2023\/09\/19\/el-presidente-del-banco-provincia-dara-una-charla-para-comerciantes-y-emprendedores-en-olavarria\/","title":{"rendered":"El presidente del Banco Provincia dar\u00e1 una charla para comerciantes y emprendedores en Olavarr\u00eda"},"content":{"rendered":"<p>A partir de una gesti\u00f3n de Maximiliano Wesner, el presidente del Banco Provincia, Juan Cuattromo, llega a Olavarr\u00eda este mi\u00e9rcoles. Hablar\u00e1 sobre Cuenta DNI Comercios y l\u00edneas de cr\u00e9dito.<!--more--><\/p>\n<hr \/>\n<p>&nbsp;<\/p>\n<p><strong>El Banco Provincia invit\u00f3 a participar de una charla en Olavarr\u00eda sobre Cuenta DNI Comercios y l\u00edneas de cr\u00e9dito para emprendedoras\/es y Pymes. Encabezada por el titular del Bapro, Juan Cuattromo, ser\u00e1 este mi\u00e9rcoles 20 de septiembre a las 15.15 horas en calle Necochea N\u00b02117.<\/strong><\/p>\n<p>&nbsp;<\/p>\n<p>Esta actividad -gestionada por Maximiliano Wesner- tendr\u00e1 lugar como parte de<strong> &#8220;Incluir&#8221;, el programa de educaci\u00f3n financiera del Banco Provincia<\/strong> que busca promover el acceso y el uso seguro y eficaz de los productos y servicios financieros esenciales.<\/p>\n<p>&nbsp;<\/p>\n<p><img data-recalc-dims=\"1\" loading=\"lazy\" decoding=\"async\" class=\"alignnone size-full wp-image-96770\" src=\"https:\/\/i0.wp.com\/cdnoticias.com\/wp-content\/uploads\/2023\/09\/WhatsApp-Image-2023-09-19-at-18.01.23-1.jpeg?resize=800%2C800&#038;ssl=1\" alt=\"\" width=\"800\" height=\"800\" srcset=\"https:\/\/i0.wp.com\/cdnoticias.com\/wp-content\/uploads\/2023\/09\/WhatsApp-Image-2023-09-19-at-18.01.23-1.jpeg?w=800&amp;ssl=1 800w, https:\/\/i0.wp.com\/cdnoticias.com\/wp-content\/uploads\/2023\/09\/WhatsApp-Image-2023-09-19-at-18.01.23-1.jpeg?resize=300%2C300&amp;ssl=1 300w, https:\/\/i0.wp.com\/cdnoticias.com\/wp-content\/uploads\/2023\/09\/WhatsApp-Image-2023-09-19-at-18.01.23-1.jpeg?resize=150%2C150&amp;ssl=1 150w, https:\/\/i0.wp.com\/cdnoticias.com\/wp-content\/uploads\/2023\/09\/WhatsApp-Image-2023-09-19-at-18.01.23-1.jpeg?resize=768%2C768&amp;ssl=1 768w\" sizes=\"auto, (max-width: 800px) 100vw, 800px\" \/><\/p>\n<p>&nbsp;<\/p>\n<blockquote><p>Adem\u00e1s, impulsa a las personas a vincularse con herramientas financieras m\u00e1s sofisticadas, brind\u00e1ndoles las habilidades necesarias para que puedan utilizarlas.<\/p><\/blockquote>\n<p>&nbsp;<\/p>\n<p>Entre los contenidos de las charlas hay <em>\u201cconceptos de educaci\u00f3n financiera, l\u00edneas de financiamiento y sobre la utilizaci\u00f3n de la billetera digital Cuenta DNI\u201d.<\/em><\/p>\n<p>&nbsp;<\/p>\n<p><strong>Cuenta DNI comercios le permite a cualquier comerciante, profesional o trabajador\/a independiente adherirse de manera online y comenzar a vender a las 48 horas para ofrecer descuentos a sus clientes y clientas.<\/strong><\/p>\n","protected":false},"excerpt":{"rendered":"<p>A partir de una gesti\u00f3n de Maximiliano Wesner, el presidente del Banco Provincia, Juan Cuattromo, llega a Olavarr\u00eda este mi\u00e9rcoles.<\/p>\n","protected":false},"author":2,"featured_media":96769,"comment_status":"closed","ping_status":"closed","sticky":false,"template":"","format":"standard","meta":{"_jetpack_memberships_contains_paid_content":false,"footnotes":""},"categories":[5,1],"tags":[],"class_list":["post-96768","post","type-post","status-publish","format-standard","has-post-thumbnail","hentry","category-informacion-general","category-portada"],"jetpack_featured_media_url":"https:\/\/i0.wp.com\/cdnoticias.com\/wp-content\/uploads\/2023\/09\/Juan-Cuattromo-900x480-1.jpg?fit=900%2C480&ssl=1","jetpack_sharing_enabled":true,"_links":{"self":[{"href":"https:\/\/cdnoticias.com\/index.php\/wp-json\/wp\/v2\/posts\/96768","targetHints":{"allow":["GET"]}}],"collection":[{"href":"https:\/\/cdnoticias.com\/index.php\/wp-json\/wp\/v2\/posts"}],"about":[{"href":"https:\/\/cdnoticias.com\/index.php\/wp-json\/wp\/v2\/types\/post"}],"author":[{"embeddable":true,"href":"https:\/\/cdnoticias.com\/index.php\/wp-json\/wp\/v2\/users\/2"}],"replies":[{"embeddable":true,"href":"https:\/\/cdnoticias.com\/index.php\/wp-json\/wp\/v2\/comments?post=96768"}],"version-history":[{"count":0,"href":"https:\/\/cdnoticias.com\/index.php\/wp-json\/wp\/v2\/posts\/96768\/revisions"}],"wp:featuredmedia":[{"embeddable":true,"href":"https:\/\/cdnoticias.com\/index.php\/wp-json\/wp\/v2\/media\/96769"}],"wp:attachment":[{"href":"https:\/\/cdnoticias.com\/index.php\/wp-json\/wp\/v2\/media?parent=96768"}],"wp:term":[{"taxonomy":"category","embeddable":true,"href":"https:\/\/cdnoticias.com\/index.php\/wp-json\/wp\/v2\/categories?post=96768"},{"taxonomy":"post_tag","embeddable":true,"href":"https:\/\/cdnoticias.com\/index.php\/wp-json\/wp\/v2\/tags?post=96768"}],"curies":[{"name":"wp","href":"https:\/\/api.w.org\/{rel}","templated":true}]}}