{"id":96765,"date":"2023-09-20T09:45:42","date_gmt":"2023-09-20T12:45:42","guid":{"rendered":"https:\/\/www.centraldenoticias.com.ar\/?p=96765"},"modified":"2023-09-20T11:52:44","modified_gmt":"2023-09-20T14:52:44","slug":"28s-marcha-por-el-dia-de-accion-global-por-el-aborto-legal","status":"publish","type":"post","link":"https:\/\/cdnoticias.com\/index.php\/2023\/09\/20\/28s-marcha-por-el-dia-de-accion-global-por-el-aborto-legal\/","title":{"rendered":"28S: Marcha por el D\u00eda de Acci\u00f3n Global por el Aborto Legal"},"content":{"rendered":"<p>Adem\u00e1s, desde la Asamblea Feminista y Disidente se realizar\u00e1 una asamblea abierta este mi\u00e9rcoles 20 en Club Mariano Moreno y se encuentra abierta la convocatoria destinada a artesanos y artesanas. <!--more--><\/p>\n<hr \/>\n<p>El pr\u00f3ximo<strong> 28 de septiembre<\/strong> se celebra el\u00a0<strong>D\u00eda de Acci\u00f3n Global por el Aborto Legal<\/strong> y se llevar\u00e1 a cabo una marcha en la ciudad.<\/p>\n<p>&nbsp;<\/p>\n<p><em>&#8220;El 28S, salimos a ocupar las calles de todo el pa\u00eds con nuestros pa\u00f1uelos y nuestras consignas. Por el pleno acceso al aborto voluntario, seguro y gratuito. Por Educaci\u00f3n Sexual Integral en todas las escuelas. Por m\u00e1s m\u00e9todos anticonceptivos disponibles para poder elegir. Por la separaci\u00f3n de la iglesia del estado. Contra todo avance de las derechas negacionistas, mis\u00f3ginas, patriarcales y machistas&#8221;<\/em> se\u00f1alaron desde <strong>Asamblea Feminista y Disidente.\u00a0<\/strong><\/p>\n<p>&nbsp;<\/p>\n<p>En tanto, se realizar\u00e1 una asamblea abierta este <strong>mi\u00e9rcoles 20 en Club Mariano Moreno<\/strong> (Espa\u00f1a y Sarmiento) <strong>a partir de las 19 horas.\u00a0<\/strong><\/p>\n<p>&nbsp;<\/p>\n<p>Por \u00faltimo, se abri\u00f3 una <strong>convocatoria para artesanes y artistas<\/strong>. Para m\u00e1s informaci\u00f3n sobre c\u00f3mo anotarse comunicarse a los n\u00fameros <strong>2284-689741 (Ceci) o 2284-607714 (Cas).<\/strong><\/p>\n","protected":false},"excerpt":{"rendered":"<p>Adem\u00e1s, desde la Asamblea Feminista y Disidente se realizar\u00e1 una asamblea abierta este mi\u00e9rcoles 20 en Club Mariano Moreno y<\/p>\n","protected":false},"author":6,"featured_media":10242,"comment_status":"closed","ping_status":"closed","sticky":false,"template":"","format":"standard","meta":{"_jetpack_memberships_contains_paid_content":false,"footnotes":""},"categories":[3,1],"tags":[],"class_list":["post-96765","post","type-post","status-publish","format-standard","has-post-thumbnail","hentry","category-genero","category-portada"],"jetpack_featured_media_url":"https:\/\/i0.wp.com\/cdnoticias.com\/wp-content\/uploads\/2020\/12\/olavarria-aborto-legal.jpg?fit=1064%2C590&ssl=1","jetpack_sharing_enabled":true,"_links":{"self":[{"href":"https:\/\/cdnoticias.com\/index.php\/wp-json\/wp\/v2\/posts\/96765","targetHints":{"allow":["GET"]}}],"collection":[{"href":"https:\/\/cdnoticias.com\/index.php\/wp-json\/wp\/v2\/posts"}],"about":[{"href":"https:\/\/cdnoticias.com\/index.php\/wp-json\/wp\/v2\/types\/post"}],"author":[{"embeddable":true,"href":"https:\/\/cdnoticias.com\/index.php\/wp-json\/wp\/v2\/users\/6"}],"replies":[{"embeddable":true,"href":"https:\/\/cdnoticias.com\/index.php\/wp-json\/wp\/v2\/comments?post=96765"}],"version-history":[{"count":0,"href":"https:\/\/cdnoticias.com\/index.php\/wp-json\/wp\/v2\/posts\/96765\/revisions"}],"wp:featuredmedia":[{"embeddable":true,"href":"https:\/\/cdnoticias.com\/index.php\/wp-json\/wp\/v2\/media\/10242"}],"wp:attachment":[{"href":"https:\/\/cdnoticias.com\/index.php\/wp-json\/wp\/v2\/media?parent=96765"}],"wp:term":[{"taxonomy":"category","embeddable":true,"href":"https:\/\/cdnoticias.com\/index.php\/wp-json\/wp\/v2\/categories?post=96765"},{"taxonomy":"post_tag","embeddable":true,"href":"https:\/\/cdnoticias.com\/index.php\/wp-json\/wp\/v2\/tags?post=96765"}],"curies":[{"name":"wp","href":"https:\/\/api.w.org\/{rel}","templated":true}]}}