{"id":96749,"date":"2023-09-19T16:31:29","date_gmt":"2023-09-19T19:31:29","guid":{"rendered":"https:\/\/www.centraldenoticias.com.ar\/?p=96749"},"modified":"2023-09-19T16:31:29","modified_gmt":"2023-09-19T19:31:29","slug":"carmen-encarnacion-oquinena-viuda-de-medina-chola-q-e-p-d","status":"publish","type":"post","link":"https:\/\/cdnoticias.com\/index.php\/2023\/09\/19\/carmen-encarnacion-oquinena-viuda-de-medina-chola-q-e-p-d\/","title":{"rendered":"Carmen Encarnaci\u00f3n Oqui\u00f1ena Viuda De Medina &#8220;Chola&#8221; (Q.E.P.D.)"},"content":{"rendered":"<p>Falleci\u00f3 en Olavarr\u00eda el19 de septiembre de 2023 a los 81 a\u00f1os de edad. Sus hijos Silvia, Mariel, Claudio, Natalia y Leandro Medina. Sus hijos pol\u00edticos, Tito Borgnis, Rolando Alonso, Silvina Troia, Claudia Zapata y Joaquin Schwerdt. Sus nietos y bisnietos. Sus hermanos y hermanos pol\u00edticos. Amistades y dem\u00e1s deudos participan su fallecimiento.<\/p>\n<p>&nbsp;<\/p>\n<p>Sus restos ser\u00e1n velados en la Sala de Espa\u00f1a 2942, departamento \u201cB\u201d y cremados en el Crematorio Pinos de Paz este mi\u00e9rcoles 20 de septiembre a las 12:30 horas. Servicio adherido a Coopelectric.<\/p>\n<p>&nbsp;<\/p>\n<p>Nacida en Las Flores, vecina de barrio Independencia, jubilada y pensionada.<\/p>\n","protected":false},"excerpt":{"rendered":"<p>Falleci\u00f3 en Olavarr\u00eda el19 de septiembre de 2023 a los 81 a\u00f1os de edad. Sus hijos Silvia, Mariel, Claudio, Natalia<\/p>\n","protected":false},"author":2,"featured_media":67646,"comment_status":"closed","ping_status":"closed","sticky":false,"template":"","format":"standard","meta":{"_jetpack_memberships_contains_paid_content":false,"footnotes":""},"categories":[10],"tags":[],"class_list":["post-96749","post","type-post","status-publish","format-standard","has-post-thumbnail","hentry","category-necrologicas"],"jetpack_featured_media_url":"https:\/\/i0.wp.com\/cdnoticias.com\/wp-content\/uploads\/2022\/10\/necrologicas-390-x-240.jpg?fit=390%2C240&ssl=1","jetpack_sharing_enabled":true,"_links":{"self":[{"href":"https:\/\/cdnoticias.com\/index.php\/wp-json\/wp\/v2\/posts\/96749","targetHints":{"allow":["GET"]}}],"collection":[{"href":"https:\/\/cdnoticias.com\/index.php\/wp-json\/wp\/v2\/posts"}],"about":[{"href":"https:\/\/cdnoticias.com\/index.php\/wp-json\/wp\/v2\/types\/post"}],"author":[{"embeddable":true,"href":"https:\/\/cdnoticias.com\/index.php\/wp-json\/wp\/v2\/users\/2"}],"replies":[{"embeddable":true,"href":"https:\/\/cdnoticias.com\/index.php\/wp-json\/wp\/v2\/comments?post=96749"}],"version-history":[{"count":0,"href":"https:\/\/cdnoticias.com\/index.php\/wp-json\/wp\/v2\/posts\/96749\/revisions"}],"wp:featuredmedia":[{"embeddable":true,"href":"https:\/\/cdnoticias.com\/index.php\/wp-json\/wp\/v2\/media\/67646"}],"wp:attachment":[{"href":"https:\/\/cdnoticias.com\/index.php\/wp-json\/wp\/v2\/media?parent=96749"}],"wp:term":[{"taxonomy":"category","embeddable":true,"href":"https:\/\/cdnoticias.com\/index.php\/wp-json\/wp\/v2\/categories?post=96749"},{"taxonomy":"post_tag","embeddable":true,"href":"https:\/\/cdnoticias.com\/index.php\/wp-json\/wp\/v2\/tags?post=96749"}],"curies":[{"name":"wp","href":"https:\/\/api.w.org\/{rel}","templated":true}]}}