{"id":96745,"date":"2023-09-19T13:10:35","date_gmt":"2023-09-19T16:10:35","guid":{"rendered":"https:\/\/www.centraldenoticias.com.ar\/?p=96745"},"modified":"2023-09-19T17:45:38","modified_gmt":"2023-09-19T20:45:38","slug":"fuertes-lesiones-a-un-policia-en-la-direccion-de-licencias-de-conducir","status":"publish","type":"post","link":"https:\/\/cdnoticias.com\/index.php\/2023\/09\/19\/fuertes-lesiones-a-un-policia-en-la-direccion-de-licencias-de-conducir\/","title":{"rendered":"Fuertes lesiones a un polic\u00eda en la Direcci\u00f3n de Licencias de Conducir"},"content":{"rendered":"<p>Un hombre que no pudo completar el tr\u00e1mite en la dependencia, se alter\u00f3 y atac\u00f3 al efectivo policial que cumpl\u00eda funciones de custodia. Sufri\u00f3 heridas en el rostro y fue trasladado al Hospital.<\/p>\n<p><!--more--><\/p>\n<hr \/>\n<p><strong>Un polic\u00eda sufri\u00f3 lesiones<\/strong> ocasionadas por <strong>un hombre que lo atac\u00f3<\/strong> en la sede de la<strong> Direcci\u00f3n de Licencias de Conducir<\/strong>. La v\u00edctima fue derivada al Hospital Municipal para recibir asistencia.<\/p>\n<p>&nbsp;<\/p>\n<p>Los hechos se dieron en la ma\u00f1ana de este mi\u00e9rcoles. El personal del Comando de Prevenci\u00f3n (CPO) fue convocado a la sede municipal, <strong>el Sal\u00f3n Rivadavia, al lado del Palacio San Mart\u00edn,<\/strong> para asistir a<strong> un polic\u00eda que cumpl\u00eda funciones de custodia y estaba herido<\/strong>.<\/p>\n<p>&nbsp;<\/p>\n<p>Seg\u00fan se detall\u00f3, este polic\u00eda, <strong>un sargento de 42 a\u00f1os que se desempe\u00f1a en el CPO<\/strong>, hab\u00eda logrado<strong> reducir al acusado<\/strong>, quien inmediatamente fue <strong>arrestado<\/strong>.<\/p>\n<p>&nbsp;<\/p>\n<p><img data-recalc-dims=\"1\" loading=\"lazy\" decoding=\"async\" class=\"size-full wp-image-96742 aligncenter\" src=\"https:\/\/i0.wp.com\/cdnoticias.com\/wp-content\/uploads\/2023\/09\/aprehendido-licencias-conducir-01.jpg?resize=800%2C445&#038;ssl=1\" alt=\"\" width=\"800\" height=\"445\" srcset=\"https:\/\/i0.wp.com\/cdnoticias.com\/wp-content\/uploads\/2023\/09\/aprehendido-licencias-conducir-01.jpg?w=800&amp;ssl=1 800w, https:\/\/i0.wp.com\/cdnoticias.com\/wp-content\/uploads\/2023\/09\/aprehendido-licencias-conducir-01.jpg?resize=300%2C167&amp;ssl=1 300w, https:\/\/i0.wp.com\/cdnoticias.com\/wp-content\/uploads\/2023\/09\/aprehendido-licencias-conducir-01.jpg?resize=768%2C427&amp;ssl=1 768w\" sizes=\"auto, (max-width: 800px) 100vw, 800px\" \/><\/p>\n<p>&nbsp;<\/p>\n<blockquote><p>El hombre, un camionero de 55 a\u00f1os, le hab\u00eda propinado golpes en el rostro y en el cuerpo al polic\u00eda. Seg\u00fan se detall\u00f3, el acusado se hab\u00eda alterado dado que no lograba completar los tr\u00e1mites que hab\u00eda iniciado en la dependencia municipal. Ante su reacci\u00f3n, el polic\u00eda intent\u00f3 tranquilizarlo, pero el camionero respondi\u00f3 con furia.<\/p><\/blockquote>\n<p>&nbsp;<\/p>\n<p>En su ataque el funcionario policial, le ocasion\u00f3 las <strong>lesiones m\u00e1s serias en la nariz y en la boca<\/strong>. Fue <strong>trasladado al Hospital Municipal<\/strong> en una ambulancia para recibir atenci\u00f3n m\u00e9dica.<\/p>\n<p>&nbsp;<\/p>\n<p>Se dio intervenci\u00f3n a la <strong>Comisar\u00eda Primera<\/strong> hasta donde fue trasladado el <strong>aprehendido<\/strong>. Las actuaciones se caratularon<strong> \u201catentado y resistencia a la autoridad y lesiones agravadas\u201d<\/strong> y quedaron a cargo de la <strong>UFI N\u00ba 7.<\/strong><\/p>\n<p>&nbsp;<\/p>\n","protected":false},"excerpt":{"rendered":"<p>Un hombre que no pudo completar el tr\u00e1mite en la dependencia, se alter\u00f3 y atac\u00f3 al efectivo policial que cumpl\u00eda<\/p>\n","protected":false},"author":4,"featured_media":96743,"comment_status":"closed","ping_status":"closed","sticky":false,"template":"","format":"standard","meta":{"_jetpack_memberships_contains_paid_content":false,"footnotes":""},"categories":[14,1],"tags":[],"class_list":["post-96745","post","type-post","status-publish","format-standard","has-post-thumbnail","hentry","category-policiales","category-portada"],"jetpack_featured_media_url":"https:\/\/i0.wp.com\/cdnoticias.com\/wp-content\/uploads\/2023\/09\/aprehendido-licencias-conducir.jpg?fit=800%2C445&ssl=1","jetpack_sharing_enabled":true,"_links":{"self":[{"href":"https:\/\/cdnoticias.com\/index.php\/wp-json\/wp\/v2\/posts\/96745","targetHints":{"allow":["GET"]}}],"collection":[{"href":"https:\/\/cdnoticias.com\/index.php\/wp-json\/wp\/v2\/posts"}],"about":[{"href":"https:\/\/cdnoticias.com\/index.php\/wp-json\/wp\/v2\/types\/post"}],"author":[{"embeddable":true,"href":"https:\/\/cdnoticias.com\/index.php\/wp-json\/wp\/v2\/users\/4"}],"replies":[{"embeddable":true,"href":"https:\/\/cdnoticias.com\/index.php\/wp-json\/wp\/v2\/comments?post=96745"}],"version-history":[{"count":0,"href":"https:\/\/cdnoticias.com\/index.php\/wp-json\/wp\/v2\/posts\/96745\/revisions"}],"wp:featuredmedia":[{"embeddable":true,"href":"https:\/\/cdnoticias.com\/index.php\/wp-json\/wp\/v2\/media\/96743"}],"wp:attachment":[{"href":"https:\/\/cdnoticias.com\/index.php\/wp-json\/wp\/v2\/media?parent=96745"}],"wp:term":[{"taxonomy":"category","embeddable":true,"href":"https:\/\/cdnoticias.com\/index.php\/wp-json\/wp\/v2\/categories?post=96745"},{"taxonomy":"post_tag","embeddable":true,"href":"https:\/\/cdnoticias.com\/index.php\/wp-json\/wp\/v2\/tags?post=96745"}],"curies":[{"name":"wp","href":"https:\/\/api.w.org\/{rel}","templated":true}]}}