{"id":96744,"date":"2023-09-19T17:45:29","date_gmt":"2023-09-19T20:45:29","guid":{"rendered":"https:\/\/www.centraldenoticias.com.ar\/?p=96744"},"modified":"2023-09-19T18:43:05","modified_gmt":"2023-09-19T21:43:05","slug":"para-reparar-una-caneria-se-interrumpira-el-transito-en-del-valle-y-pellegrini","status":"publish","type":"post","link":"https:\/\/cdnoticias.com\/index.php\/2023\/09\/19\/para-reparar-una-caneria-se-interrumpira-el-transito-en-del-valle-y-pellegrini\/","title":{"rendered":"Para reparar una ca\u00f1er\u00eda se interrumpir\u00e1 el tr\u00e1nsito en Del Valle Y Pellegrini"},"content":{"rendered":"<p>Las tareas correspondientes al servicio de Obras Sanitarias se realizar\u00e1n durante toda la jornada del mi\u00e9rcoles.<!--more--><\/p>\n<hr \/>\n<p>La prestataria del servicio de Obras Sanitarias Coopelectric inform\u00f3 a la comunidad sobre una <strong>interrupci\u00f3n programada del tr\u00e1nsito en la intersecci\u00f3n de avenida Del Valle y avenida Pellegrini, espec\u00edficamente en direcci\u00f3n hacia avenida La Rioja.<\/strong> Tal interrupci\u00f3n al paso vehicular se llevar\u00e1 a cabo este mi\u00e9rcoles 20 de septiembre y<strong> se extender\u00e1n durante toda la jornada.<\/strong><\/p>\n<p>&nbsp;<\/p>\n<p>El motivo del corte de calle es la ejecuci\u00f3n de trabajos esenciales de <strong>reparaci\u00f3n en una de las ca\u00f1er\u00edas principales que abastecen el servicio de Obras Sanitarias en la zona.<\/strong><\/p>\n<p>&nbsp;<\/p>\n<p><img data-recalc-dims=\"1\" loading=\"lazy\" decoding=\"async\" class=\"aligncenter size-full wp-image-96747\" src=\"https:\/\/i0.wp.com\/cdnoticias.com\/wp-content\/uploads\/2023\/09\/Obras-Cortes-Calle.jpg?resize=557%2C339&#038;ssl=1\" alt=\"\" width=\"557\" height=\"339\" srcset=\"https:\/\/i0.wp.com\/cdnoticias.com\/wp-content\/uploads\/2023\/09\/Obras-Cortes-Calle.jpg?w=557&amp;ssl=1 557w, https:\/\/i0.wp.com\/cdnoticias.com\/wp-content\/uploads\/2023\/09\/Obras-Cortes-Calle.jpg?resize=300%2C183&amp;ssl=1 300w\" sizes=\"auto, (max-width: 557px) 100vw, 557px\" \/><\/p>\n<p>&nbsp;<\/p>\n<p>Para garantizar la seguridad de los residentes y transe\u00fantes, <strong>la zona de trabajo estar\u00e1 debidamente vallada, contando con la supervisi\u00f3n de Control Urbano.<\/strong><\/p>\n<p>&nbsp;<\/p>\n<p>Se recomienda a conductores y peatones <strong>circular con precauci\u00f3n<\/strong> por el mencionado sector, respetando las se\u00f1alizaciones y los desv\u00edos, facilitando la fluidez del tr\u00e1fico en la medida de lo posible.<\/p>\n","protected":false},"excerpt":{"rendered":"<p>Las tareas correspondientes al servicio de Obras Sanitarias se realizar\u00e1n durante toda la jornada del mi\u00e9rcoles.<\/p>\n","protected":false},"author":5,"featured_media":83306,"comment_status":"closed","ping_status":"closed","sticky":false,"template":"","format":"standard","meta":{"_jetpack_memberships_contains_paid_content":false,"footnotes":""},"categories":[5,1],"tags":[],"class_list":["post-96744","post","type-post","status-publish","format-standard","has-post-thumbnail","hentry","category-informacion-general","category-portada"],"jetpack_featured_media_url":"https:\/\/i0.wp.com\/cdnoticias.com\/wp-content\/uploads\/2023\/04\/obras-sanitarias-coopelectric-02.jpg?fit=800%2C445&ssl=1","jetpack_sharing_enabled":true,"_links":{"self":[{"href":"https:\/\/cdnoticias.com\/index.php\/wp-json\/wp\/v2\/posts\/96744","targetHints":{"allow":["GET"]}}],"collection":[{"href":"https:\/\/cdnoticias.com\/index.php\/wp-json\/wp\/v2\/posts"}],"about":[{"href":"https:\/\/cdnoticias.com\/index.php\/wp-json\/wp\/v2\/types\/post"}],"author":[{"embeddable":true,"href":"https:\/\/cdnoticias.com\/index.php\/wp-json\/wp\/v2\/users\/5"}],"replies":[{"embeddable":true,"href":"https:\/\/cdnoticias.com\/index.php\/wp-json\/wp\/v2\/comments?post=96744"}],"version-history":[{"count":0,"href":"https:\/\/cdnoticias.com\/index.php\/wp-json\/wp\/v2\/posts\/96744\/revisions"}],"wp:featuredmedia":[{"embeddable":true,"href":"https:\/\/cdnoticias.com\/index.php\/wp-json\/wp\/v2\/media\/83306"}],"wp:attachment":[{"href":"https:\/\/cdnoticias.com\/index.php\/wp-json\/wp\/v2\/media?parent=96744"}],"wp:term":[{"taxonomy":"category","embeddable":true,"href":"https:\/\/cdnoticias.com\/index.php\/wp-json\/wp\/v2\/categories?post=96744"},{"taxonomy":"post_tag","embeddable":true,"href":"https:\/\/cdnoticias.com\/index.php\/wp-json\/wp\/v2\/tags?post=96744"}],"curies":[{"name":"wp","href":"https:\/\/api.w.org\/{rel}","templated":true}]}}