{"id":9674,"date":"2020-12-22T17:07:09","date_gmt":"2020-12-22T20:07:09","guid":{"rendered":"http:\/\/www.centraldenoticias.com.ar\/?p=9674"},"modified":"2020-12-22T17:09:40","modified_gmt":"2020-12-22T20:09:40","slug":"ultimo-dia-para-acercar-la-cartita-a-papa-noel","status":"publish","type":"post","link":"https:\/\/cdnoticias.com\/index.php\/2020\/12\/22\/ultimo-dia-para-acercar-la-cartita-a-papa-noel\/","title":{"rendered":"\u00daltimo d\u00eda para acercar la \u201ccartita\u201d a Pap\u00e1 Noel"},"content":{"rendered":"<p>&nbsp;<\/p>\n<p>El grupo Sierras Bayas Solidaria organiz\u00f3 una propuesta navide\u00f1a: la \u201cCasita de Pap\u00e1 Noel\u201d. Este martes de 19 a 21, se recibir\u00e1n cartitas en Julio Roca y Colombo, frente a la plaza central de la localidad.<!--more--><\/p>\n<hr \/>\n<p>\u201cLa Casita de Pap\u00e1 Noel\u201d es una propuesta navide\u00f1a organizada por el grupo <strong>Sierras Bayas Solidaria.<\/strong> Durante dos jornadas (21 y 22 de diciembre) los ni\u00f1os podr\u00e1n dejar su cartita y sacarse fotos con el mism\u00edsimo Pap\u00e1 Noel.<\/p>\n<p>&nbsp;<\/p>\n<p>La iniciativa se lleva a cabo cuidando todos los <strong>protocolos sanitarios y de distanciamiento social<\/strong> por la pandemia, y en su primera jornada fue todo un \u00e9xito.<\/p>\n<p>&nbsp;<\/p>\n<p><img data-recalc-dims=\"1\" loading=\"lazy\" decoding=\"async\" class=\"alignnone size-large wp-image-9678\" src=\"https:\/\/i0.wp.com\/cdnoticias.com\/wp-content\/uploads\/2020\/12\/WhatsApp-Image-2020-12-22-at-14.46.48.jpeg?resize=768%2C1024&#038;ssl=1\" alt=\"\" width=\"768\" height=\"1024\" srcset=\"https:\/\/i0.wp.com\/cdnoticias.com\/wp-content\/uploads\/2020\/12\/WhatsApp-Image-2020-12-22-at-14.46.48.jpeg?resize=768%2C1024&amp;ssl=1 768w, https:\/\/i0.wp.com\/cdnoticias.com\/wp-content\/uploads\/2020\/12\/WhatsApp-Image-2020-12-22-at-14.46.48.jpeg?resize=225%2C300&amp;ssl=1 225w, https:\/\/i0.wp.com\/cdnoticias.com\/wp-content\/uploads\/2020\/12\/WhatsApp-Image-2020-12-22-at-14.46.48.jpeg?w=960&amp;ssl=1 960w\" sizes=\"auto, (max-width: 768px) 100vw, 768px\" \/><\/p>\n<p><img data-recalc-dims=\"1\" loading=\"lazy\" decoding=\"async\" class=\"alignnone size-large wp-image-9677\" src=\"https:\/\/i0.wp.com\/cdnoticias.com\/wp-content\/uploads\/2020\/12\/WhatsApp-Image-2020-12-22-at-14.46.48-1.jpeg?resize=800%2C600&#038;ssl=1\" alt=\"\" width=\"800\" height=\"600\" srcset=\"https:\/\/i0.wp.com\/cdnoticias.com\/wp-content\/uploads\/2020\/12\/WhatsApp-Image-2020-12-22-at-14.46.48-1.jpeg?resize=1024%2C768&amp;ssl=1 1024w, https:\/\/i0.wp.com\/cdnoticias.com\/wp-content\/uploads\/2020\/12\/WhatsApp-Image-2020-12-22-at-14.46.48-1.jpeg?resize=300%2C225&amp;ssl=1 300w, https:\/\/i0.wp.com\/cdnoticias.com\/wp-content\/uploads\/2020\/12\/WhatsApp-Image-2020-12-22-at-14.46.48-1.jpeg?resize=768%2C576&amp;ssl=1 768w, https:\/\/i0.wp.com\/cdnoticias.com\/wp-content\/uploads\/2020\/12\/WhatsApp-Image-2020-12-22-at-14.46.48-1.jpeg?w=1280&amp;ssl=1 1280w\" sizes=\"auto, (max-width: 800px) 100vw, 800px\" \/><\/p>\n<p>&nbsp;<\/p>\n<p>Aquellos ni\u00f1os y ni\u00f1as que a\u00fan no entregaron su cartita, lo podr\u00e1n hacer <strong>este martes de 19 a 21 en Julio Roca y Colombo (frente a la plaza de la localidad)<\/strong>, en lo que se configura como el \u00faltimo d\u00eda de recibimiento de pedidos de deseos navide\u00f1os.<\/p>\n<p>&nbsp;<\/p>\n<p>Adem\u00e1s, la propuesta tiene un fin solidario: <strong>recibir\u00e1n productos navide\u00f1os, alimentos no perecederos, art\u00edculos de higiene y\/o de limpieza.<\/strong><\/p>\n<p>&nbsp;<\/p>\n<p><img data-recalc-dims=\"1\" loading=\"lazy\" decoding=\"async\" class=\"alignnone size-large wp-image-9675\" src=\"https:\/\/i0.wp.com\/cdnoticias.com\/wp-content\/uploads\/2020\/12\/WhatsApp-Image-2020-12-22-at-14.46.48-3.jpeg?resize=768%2C1024&#038;ssl=1\" alt=\"\" width=\"768\" height=\"1024\" srcset=\"https:\/\/i0.wp.com\/cdnoticias.com\/wp-content\/uploads\/2020\/12\/WhatsApp-Image-2020-12-22-at-14.46.48-3.jpeg?resize=768%2C1024&amp;ssl=1 768w, https:\/\/i0.wp.com\/cdnoticias.com\/wp-content\/uploads\/2020\/12\/WhatsApp-Image-2020-12-22-at-14.46.48-3.jpeg?resize=225%2C300&amp;ssl=1 225w, https:\/\/i0.wp.com\/cdnoticias.com\/wp-content\/uploads\/2020\/12\/WhatsApp-Image-2020-12-22-at-14.46.48-3.jpeg?w=960&amp;ssl=1 960w\" sizes=\"auto, (max-width: 768px) 100vw, 768px\" \/><\/p>\n<p>&nbsp;<\/p>\n<p>Sierras Bayas Solidaria es un grupo formado por vecinos de la localidad en abril que asiste a familias locales, as\u00ed como de Sierra Chica y Olavarr\u00eda con alimentos y dem\u00e1s productos. <strong>Lo que reciban como donaci\u00f3n se destinar\u00e1 a la ayuda para las familias.<\/strong><\/p>\n","protected":false},"excerpt":{"rendered":"<p>&nbsp; El grupo Sierras Bayas Solidaria organiz\u00f3 una propuesta navide\u00f1a: la \u201cCasita de Pap\u00e1 Noel\u201d. Este martes de 19 a<\/p>\n","protected":false},"author":5,"featured_media":9676,"comment_status":"closed","ping_status":"closed","sticky":false,"template":"","format":"standard","meta":{"_jetpack_memberships_contains_paid_content":false,"footnotes":""},"categories":[9,1],"tags":[],"class_list":["post-9674","post","type-post","status-publish","format-standard","has-post-thumbnail","hentry","category-cultura","category-portada"],"jetpack_featured_media_url":"https:\/\/i0.wp.com\/cdnoticias.com\/wp-content\/uploads\/2020\/12\/WhatsApp-Image-2020-12-22-at-14.46.48-2.jpeg?fit=1280%2C720&ssl=1","jetpack_sharing_enabled":true,"_links":{"self":[{"href":"https:\/\/cdnoticias.com\/index.php\/wp-json\/wp\/v2\/posts\/9674","targetHints":{"allow":["GET"]}}],"collection":[{"href":"https:\/\/cdnoticias.com\/index.php\/wp-json\/wp\/v2\/posts"}],"about":[{"href":"https:\/\/cdnoticias.com\/index.php\/wp-json\/wp\/v2\/types\/post"}],"author":[{"embeddable":true,"href":"https:\/\/cdnoticias.com\/index.php\/wp-json\/wp\/v2\/users\/5"}],"replies":[{"embeddable":true,"href":"https:\/\/cdnoticias.com\/index.php\/wp-json\/wp\/v2\/comments?post=9674"}],"version-history":[{"count":0,"href":"https:\/\/cdnoticias.com\/index.php\/wp-json\/wp\/v2\/posts\/9674\/revisions"}],"wp:featuredmedia":[{"embeddable":true,"href":"https:\/\/cdnoticias.com\/index.php\/wp-json\/wp\/v2\/media\/9676"}],"wp:attachment":[{"href":"https:\/\/cdnoticias.com\/index.php\/wp-json\/wp\/v2\/media?parent=9674"}],"wp:term":[{"taxonomy":"category","embeddable":true,"href":"https:\/\/cdnoticias.com\/index.php\/wp-json\/wp\/v2\/categories?post=9674"},{"taxonomy":"post_tag","embeddable":true,"href":"https:\/\/cdnoticias.com\/index.php\/wp-json\/wp\/v2\/tags?post=9674"}],"curies":[{"name":"wp","href":"https:\/\/api.w.org\/{rel}","templated":true}]}}