{"id":96736,"date":"2023-09-19T12:35:17","date_gmt":"2023-09-19T15:35:17","guid":{"rendered":"https:\/\/www.centraldenoticias.com.ar\/?p=96736"},"modified":"2023-09-19T12:37:49","modified_gmt":"2023-09-19T15:37:49","slug":"comenzo-la-expo-nacional-angus-de-primavera","status":"publish","type":"post","link":"https:\/\/cdnoticias.com\/index.php\/2023\/09\/19\/comenzo-la-expo-nacional-angus-de-primavera\/","title":{"rendered":"Comenz\u00f3 la Expo Nacional Angus de Primavera"},"content":{"rendered":"<p>El evento ganadero se realizar\u00e1 hasta el viernes en la Sociedad Rural de Olavarr\u00eda.<!--more--><\/p>\n<hr \/>\n<p>Desde este martes y hasta el viernes 22, la Sociedad Rural de Olavarr\u00eda ser\u00e1 escenario de la <strong>44\u00b0 Exposici\u00f3n Nacional Angus de Primavera<\/strong>, organizada por la Asociaci\u00f3n Argentina de Angus y Expoagro, que aporta todo el marco comercial de expositores.<\/p>\n<p>&nbsp;<\/p>\n<p>La jornada inicia a las 14 con la Jura de lotes Puro Pedigree \u2013 Terneros y Adultos. En tanto, el mi\u00e9rcoles al mediod\u00eda ser\u00e1 la apertura oficial con la presencia de autoridades locales y provinciales.<\/p>\n<p>&nbsp;<\/p>\n<p><img data-recalc-dims=\"1\" loading=\"lazy\" decoding=\"async\" class=\"aligncenter size-full wp-image-96730\" src=\"https:\/\/i0.wp.com\/cdnoticias.com\/wp-content\/uploads\/2023\/09\/expoagro-03.jpg?resize=800%2C445&#038;ssl=1\" alt=\"\" width=\"800\" height=\"445\" srcset=\"https:\/\/i0.wp.com\/cdnoticias.com\/wp-content\/uploads\/2023\/09\/expoagro-03.jpg?w=800&amp;ssl=1 800w, https:\/\/i0.wp.com\/cdnoticias.com\/wp-content\/uploads\/2023\/09\/expoagro-03.jpg?resize=300%2C167&amp;ssl=1 300w, https:\/\/i0.wp.com\/cdnoticias.com\/wp-content\/uploads\/2023\/09\/expoagro-03.jpg?resize=768%2C427&amp;ssl=1 768w\" sizes=\"auto, (max-width: 800px) 100vw, 800px\" \/><\/p>\n<p>&nbsp;<\/p>\n<p>\u201cEs un evento donde mostramos todos los criadores de Angus, los caba\u00f1eros y lo mejor de nuestras caba\u00f1as. Un \u00e1mbito donde podemos observar por d\u00f3nde est\u00e1 la raza, hacia d\u00f3nde se dirige, un canal de comercializaci\u00f3n para muchos caba\u00f1eros que a lo mejor no hacen remate y mostrar finalmente que todo lo que se trabaja en la cadena de producci\u00f3n de carne\u201d, expres\u00f3 <strong>Alfonso Bustillo, presidente de la Asociaci\u00f3n Argentina de Angus.<\/strong><\/p>\n<p>&nbsp;<\/p>\n<p><img data-recalc-dims=\"1\" loading=\"lazy\" decoding=\"async\" class=\"aligncenter size-full wp-image-96731\" src=\"https:\/\/i0.wp.com\/cdnoticias.com\/wp-content\/uploads\/2023\/09\/expoagro-01.jpg?resize=800%2C445&#038;ssl=1\" alt=\"\" width=\"800\" height=\"445\" srcset=\"https:\/\/i0.wp.com\/cdnoticias.com\/wp-content\/uploads\/2023\/09\/expoagro-01.jpg?w=800&amp;ssl=1 800w, https:\/\/i0.wp.com\/cdnoticias.com\/wp-content\/uploads\/2023\/09\/expoagro-01.jpg?resize=300%2C167&amp;ssl=1 300w, https:\/\/i0.wp.com\/cdnoticias.com\/wp-content\/uploads\/2023\/09\/expoagro-01.jpg?resize=768%2C427&amp;ssl=1 768w\" sizes=\"auto, (max-width: 800px) 100vw, 800px\" \/><\/p>\n<p>&nbsp;<\/p>\n<p>En la misma l\u00ednea, agreg\u00f3 que \u201c<strong>la Exposici\u00f3n es un eslab\u00f3n importante<\/strong> y que a much\u00edsimos ganaderos les interesa participar como es toda competencia, les gusta mostrar lo que hacen y ver qu\u00e9 resultados tienen con respecto a sus pares\u201d.<\/p>\n<p>&nbsp;<\/p>\n","protected":false},"excerpt":{"rendered":"<p>El evento ganadero se realizar\u00e1 hasta el viernes en la Sociedad Rural de Olavarr\u00eda.<\/p>\n","protected":false},"author":5,"featured_media":96733,"comment_status":"closed","ping_status":"closed","sticky":false,"template":"","format":"standard","meta":{"_jetpack_memberships_contains_paid_content":false,"footnotes":""},"categories":[5,1],"tags":[],"class_list":["post-96736","post","type-post","status-publish","format-standard","has-post-thumbnail","hentry","category-informacion-general","category-portada"],"jetpack_featured_media_url":"https:\/\/i0.wp.com\/cdnoticias.com\/wp-content\/uploads\/2023\/09\/sociedad-rural-predio-02.jpg?fit=800%2C445&ssl=1","jetpack_sharing_enabled":true,"_links":{"self":[{"href":"https:\/\/cdnoticias.com\/index.php\/wp-json\/wp\/v2\/posts\/96736","targetHints":{"allow":["GET"]}}],"collection":[{"href":"https:\/\/cdnoticias.com\/index.php\/wp-json\/wp\/v2\/posts"}],"about":[{"href":"https:\/\/cdnoticias.com\/index.php\/wp-json\/wp\/v2\/types\/post"}],"author":[{"embeddable":true,"href":"https:\/\/cdnoticias.com\/index.php\/wp-json\/wp\/v2\/users\/5"}],"replies":[{"embeddable":true,"href":"https:\/\/cdnoticias.com\/index.php\/wp-json\/wp\/v2\/comments?post=96736"}],"version-history":[{"count":0,"href":"https:\/\/cdnoticias.com\/index.php\/wp-json\/wp\/v2\/posts\/96736\/revisions"}],"wp:featuredmedia":[{"embeddable":true,"href":"https:\/\/cdnoticias.com\/index.php\/wp-json\/wp\/v2\/media\/96733"}],"wp:attachment":[{"href":"https:\/\/cdnoticias.com\/index.php\/wp-json\/wp\/v2\/media?parent=96736"}],"wp:term":[{"taxonomy":"category","embeddable":true,"href":"https:\/\/cdnoticias.com\/index.php\/wp-json\/wp\/v2\/categories?post=96736"},{"taxonomy":"post_tag","embeddable":true,"href":"https:\/\/cdnoticias.com\/index.php\/wp-json\/wp\/v2\/tags?post=96736"}],"curies":[{"name":"wp","href":"https:\/\/api.w.org\/{rel}","templated":true}]}}