{"id":96723,"date":"2023-09-19T19:49:36","date_gmt":"2023-09-19T22:49:36","guid":{"rendered":"https:\/\/www.centraldenoticias.com.ar\/?p=96723"},"modified":"2023-09-19T21:31:24","modified_gmt":"2023-09-20T00:31:24","slug":"secuestraron-12-cubiertas-de-camion","status":"publish","type":"post","link":"https:\/\/cdnoticias.com\/index.php\/2023\/09\/19\/secuestraron-12-cubiertas-de-camion\/","title":{"rendered":"Secuestraron 12 cubiertas de cami\u00f3n"},"content":{"rendered":"<p>Hab\u00edan sido robados a inicios de este mes. Personal de la Sub DDI de Olavarr\u00eda estuvo a cargo de cinco allanamientos. Adem\u00e1s se secuestraron dos veh\u00edculos por infracciones.<\/p>\n<p><!--more--><\/p>\n<hr \/>\n<p>En la jornada del d\u00eda viernes <strong>personal de la SUB DDI Olavarr\u00eda<\/strong> procedi\u00f3 a efectivizar <strong>\u00f3rdenes de allanamientos<\/strong> emanada por el<strong> Juzgado de garant\u00edas Nro. 2<\/strong> a cargo del Dr. Carlos Eduardo Villamarin, reca\u00edda sobre <strong>cinco domicilios de diferentes barrios<\/strong> de nuestra ciudad.<\/p>\n<p>&nbsp;<\/p>\n<p>La diligencia tuvo su g\u00e9nesis gracias a una<strong> amplia labor investigativa<\/strong> llevada a cabo por personal policial quienes trabajaron bajo instrucci\u00f3n de la <strong>doctora Mirta Deroni de la Ayudant\u00eda Fiscal de Autores Ignorados<\/strong>, en el marco de una causa caratulada <strong>\u201crobo\u201d<\/strong>.<\/p>\n<p>&nbsp;<\/p>\n<p><img data-recalc-dims=\"1\" loading=\"lazy\" decoding=\"async\" class=\"size-full wp-image-96724 aligncenter\" src=\"https:\/\/i0.wp.com\/cdnoticias.com\/wp-content\/uploads\/2023\/09\/SubDDI-00.jpg?resize=800%2C445&#038;ssl=1\" alt=\"\" width=\"800\" height=\"445\" srcset=\"https:\/\/i0.wp.com\/cdnoticias.com\/wp-content\/uploads\/2023\/09\/SubDDI-00.jpg?w=800&amp;ssl=1 800w, https:\/\/i0.wp.com\/cdnoticias.com\/wp-content\/uploads\/2023\/09\/SubDDI-00.jpg?resize=300%2C167&amp;ssl=1 300w, https:\/\/i0.wp.com\/cdnoticias.com\/wp-content\/uploads\/2023\/09\/SubDDI-00.jpg?resize=768%2C427&amp;ssl=1 768w\" sizes=\"auto, (max-width: 800px) 100vw, 800px\" \/><\/p>\n<p>&nbsp;<\/p>\n<blockquote><p>Respecto al resultado del procedimiento, se defini\u00f3 que fue altamente positivo ya que se efectiviz\u00f3 el secuestro de varios de los elementos denunciados como sustra\u00eddos el 7 se septiembre pasado en un domicilio de barrio Hip\u00f3lito Yrigoyen.<\/p><\/blockquote>\n<p>&nbsp;<\/p>\n<p>De los elementos secuestrados, se destac\u00f3 el<strong> hallazgo de 12 neum\u00e1ticos de cami\u00f3n<\/strong> rodado 295\/80R 22.5, <strong>una puerta y un ventiluz de aluminio<\/strong>,<strong> equipos de telefon\u00eda celular<\/strong> -los cuales posteriormente ser\u00e1n sujeto de pericias-, <strong>un handy<\/strong>, <strong>dinero en efectivo<\/strong> y <strong>prendas de vestir<\/strong>.<\/p>\n<p>&nbsp;<\/p>\n<p><img data-recalc-dims=\"1\" loading=\"lazy\" decoding=\"async\" class=\"size-full wp-image-96725 aligncenter\" src=\"https:\/\/i0.wp.com\/cdnoticias.com\/wp-content\/uploads\/2023\/09\/SubDDI-01.jpg?resize=800%2C746&#038;ssl=1\" alt=\"\" width=\"800\" height=\"746\" srcset=\"https:\/\/i0.wp.com\/cdnoticias.com\/wp-content\/uploads\/2023\/09\/SubDDI-01.jpg?w=800&amp;ssl=1 800w, https:\/\/i0.wp.com\/cdnoticias.com\/wp-content\/uploads\/2023\/09\/SubDDI-01.jpg?resize=300%2C280&amp;ssl=1 300w, https:\/\/i0.wp.com\/cdnoticias.com\/wp-content\/uploads\/2023\/09\/SubDDI-01.jpg?resize=768%2C716&amp;ssl=1 768w\" sizes=\"auto, (max-width: 800px) 100vw, 800px\" \/><\/p>\n<p>&nbsp;<\/p>\n<p>Por otra parte personal policial procedi\u00f3 a <strong>retener dos motoveh\u00edculos<\/strong> en uno de los domicilios allanados. Uno de ellos tiene <strong>prohibici\u00f3n de circular<\/strong> y el restante <strong>carece de documentaci\u00f3n<\/strong>. En este caso, se dio intervenci\u00f3n al Juzgado de Faltas Local.<\/p>\n<p>&nbsp;<\/p>\n<p>El procedimiento encabezado por numerarios de la <em>SubDDI Olavarr\u00eda \u00a0cont\u00f3 con la colaboraci\u00f3n de polic\u00edas de DDI Azul, SubDDI Bol\u00edvar, Gabinete Externo de Comisar\u00eda Segunda, Comando de\u00a0 Prevenci\u00f3n Rural, Motopolic\u00edas de UPPL y \u00c1rea de Control Urbano.<\/em><\/p>\n<p>&nbsp;<\/p>\n<p><img data-recalc-dims=\"1\" loading=\"lazy\" decoding=\"async\" class=\"size-full wp-image-96727 aligncenter\" src=\"https:\/\/i0.wp.com\/cdnoticias.com\/wp-content\/uploads\/2023\/09\/SubDDI-03.jpg?resize=800%2C445&#038;ssl=1\" alt=\"\" width=\"800\" height=\"445\" srcset=\"https:\/\/i0.wp.com\/cdnoticias.com\/wp-content\/uploads\/2023\/09\/SubDDI-03.jpg?w=800&amp;ssl=1 800w, https:\/\/i0.wp.com\/cdnoticias.com\/wp-content\/uploads\/2023\/09\/SubDDI-03.jpg?resize=300%2C167&amp;ssl=1 300w, https:\/\/i0.wp.com\/cdnoticias.com\/wp-content\/uploads\/2023\/09\/SubDDI-03.jpg?resize=768%2C427&amp;ssl=1 768w\" sizes=\"auto, (max-width: 800px) 100vw, 800px\" \/><\/p>\n<p>&nbsp;<\/p>\n","protected":false},"excerpt":{"rendered":"<p>Hab\u00edan sido robados a inicios de este mes. Personal de la Sub DDI de Olavarr\u00eda estuvo a cargo de cinco<\/p>\n","protected":false},"author":4,"featured_media":96726,"comment_status":"closed","ping_status":"closed","sticky":false,"template":"","format":"standard","meta":{"_jetpack_memberships_contains_paid_content":false,"footnotes":""},"categories":[14,1],"tags":[],"class_list":["post-96723","post","type-post","status-publish","format-standard","has-post-thumbnail","hentry","category-policiales","category-portada"],"jetpack_featured_media_url":"https:\/\/i0.wp.com\/cdnoticias.com\/wp-content\/uploads\/2023\/09\/SubDDI-02.jpg?fit=800%2C557&ssl=1","jetpack_sharing_enabled":true,"_links":{"self":[{"href":"https:\/\/cdnoticias.com\/index.php\/wp-json\/wp\/v2\/posts\/96723","targetHints":{"allow":["GET"]}}],"collection":[{"href":"https:\/\/cdnoticias.com\/index.php\/wp-json\/wp\/v2\/posts"}],"about":[{"href":"https:\/\/cdnoticias.com\/index.php\/wp-json\/wp\/v2\/types\/post"}],"author":[{"embeddable":true,"href":"https:\/\/cdnoticias.com\/index.php\/wp-json\/wp\/v2\/users\/4"}],"replies":[{"embeddable":true,"href":"https:\/\/cdnoticias.com\/index.php\/wp-json\/wp\/v2\/comments?post=96723"}],"version-history":[{"count":0,"href":"https:\/\/cdnoticias.com\/index.php\/wp-json\/wp\/v2\/posts\/96723\/revisions"}],"wp:featuredmedia":[{"embeddable":true,"href":"https:\/\/cdnoticias.com\/index.php\/wp-json\/wp\/v2\/media\/96726"}],"wp:attachment":[{"href":"https:\/\/cdnoticias.com\/index.php\/wp-json\/wp\/v2\/media?parent=96723"}],"wp:term":[{"taxonomy":"category","embeddable":true,"href":"https:\/\/cdnoticias.com\/index.php\/wp-json\/wp\/v2\/categories?post=96723"},{"taxonomy":"post_tag","embeddable":true,"href":"https:\/\/cdnoticias.com\/index.php\/wp-json\/wp\/v2\/tags?post=96723"}],"curies":[{"name":"wp","href":"https:\/\/api.w.org\/{rel}","templated":true}]}}