{"id":96717,"date":"2023-09-19T17:02:26","date_gmt":"2023-09-19T20:02:26","guid":{"rendered":"https:\/\/www.centraldenoticias.com.ar\/?p=96717"},"modified":"2023-09-19T17:02:26","modified_gmt":"2023-09-19T20:02:26","slug":"con-mas-ganas-que-nunca-el-nuevo-spot-de-ezequiel-galli","status":"publish","type":"post","link":"https:\/\/cdnoticias.com\/index.php\/2023\/09\/19\/con-mas-ganas-que-nunca-el-nuevo-spot-de-ezequiel-galli\/","title":{"rendered":"\u201cCon m\u00e1s ganas que nunca\u201d: el nuevo spot de Ezequiel Galli"},"content":{"rendered":"<p>A trav\u00e9s de sus redes sociales, el intendente difundi\u00f3 el nuevo spot de campa\u00f1a. \u201cSigo siendo el mismo de siempre y todav\u00eda me quedan muchas cosas por hacer\u201d remarc\u00f3.<\/p>\n<p><!--more--><\/p>\n<hr \/>\n<p>A trav\u00e9s de sus redes sociales, <strong>el intendente de Olavarr\u00eda Ezequiel Galli<\/strong> difundi\u00f3 este lunes por la noche el <strong>nuevo spot de campa\u00f1a de cara a las elecciones generales<\/strong> del pr\u00f3ximo 22 de octubre.<\/p>\n<p>&nbsp;<\/p>\n<p>Durante el transcurso de la pieza comunicacional, Galli hace alusi\u00f3n a<strong> la decisi\u00f3n de involucrarse en pol\u00edtica para ser intendente de Olavarr\u00eda desde 2015<\/strong> para \u201ccambiar lo que pasaba en Olavarr\u00eda\u201d.<\/p>\n<p>&nbsp;<\/p>\n<blockquote class=\"twitter-tweet\">\n<p dir=\"ltr\" lang=\"es\">El mismo de siempre,<br \/>\ncon m\u00e1s ganas que nunca. <a href=\"https:\/\/t.co\/xBKuX7ElD9\">pic.twitter.com\/xBKuX7ElD9<\/a><\/p>\n<p>\u2014 Ezequiel Galli (@ezequielgalli) <a href=\"https:\/\/twitter.com\/ezequielgalli\/status\/1703876964564480355?ref_src=twsrc%5Etfw\">September 18, 2023<\/a><\/p><\/blockquote>\n<p><script async src=\"https:\/\/platform.twitter.com\/widgets.js\" charset=\"utf-8\"><\/script><\/p>\n<p>&nbsp;<\/p>\n<blockquote><p>\u201cHoy mis viejos me miran de arriba y con orgullo puedo decir que Olavarr\u00eda cambi\u00f3 pero yo sigo siendo el mismo de siempre y todav\u00eda me quedan muchas cosas por hacer\u201d, agrega Galli en el spot.<\/p><\/blockquote>\n<p>&nbsp;<\/p>\n<p>Bajo el slogan<strong> \u201cEl mismo de siempre. Con m\u00e1s ganas que nunca\u201d<\/strong>, Ezequiel Galli realizar\u00e1 una narrativa, a lo largo de la campa\u00f1a, de las acciones que se realizaron en estos ocho a\u00f1os y lo que proyecta para Olavarr\u00eda.<\/p>\n<p>&nbsp;<\/p>\n","protected":false},"excerpt":{"rendered":"<p>A trav\u00e9s de sus redes sociales, el intendente difundi\u00f3 el nuevo spot de campa\u00f1a. \u201cSigo siendo el mismo de siempre<\/p>\n","protected":false},"author":4,"featured_media":96720,"comment_status":"closed","ping_status":"closed","sticky":false,"template":"","format":"standard","meta":{"_jetpack_memberships_contains_paid_content":false,"footnotes":""},"categories":[4,1],"tags":[],"class_list":["post-96717","post","type-post","status-publish","format-standard","has-post-thumbnail","hentry","category-politica","category-portada"],"jetpack_featured_media_url":"https:\/\/i0.wp.com\/cdnoticias.com\/wp-content\/uploads\/2023\/09\/ezequiel-galli-spot.jpg?fit=800%2C445&ssl=1","jetpack_sharing_enabled":true,"_links":{"self":[{"href":"https:\/\/cdnoticias.com\/index.php\/wp-json\/wp\/v2\/posts\/96717","targetHints":{"allow":["GET"]}}],"collection":[{"href":"https:\/\/cdnoticias.com\/index.php\/wp-json\/wp\/v2\/posts"}],"about":[{"href":"https:\/\/cdnoticias.com\/index.php\/wp-json\/wp\/v2\/types\/post"}],"author":[{"embeddable":true,"href":"https:\/\/cdnoticias.com\/index.php\/wp-json\/wp\/v2\/users\/4"}],"replies":[{"embeddable":true,"href":"https:\/\/cdnoticias.com\/index.php\/wp-json\/wp\/v2\/comments?post=96717"}],"version-history":[{"count":0,"href":"https:\/\/cdnoticias.com\/index.php\/wp-json\/wp\/v2\/posts\/96717\/revisions"}],"wp:featuredmedia":[{"embeddable":true,"href":"https:\/\/cdnoticias.com\/index.php\/wp-json\/wp\/v2\/media\/96720"}],"wp:attachment":[{"href":"https:\/\/cdnoticias.com\/index.php\/wp-json\/wp\/v2\/media?parent=96717"}],"wp:term":[{"taxonomy":"category","embeddable":true,"href":"https:\/\/cdnoticias.com\/index.php\/wp-json\/wp\/v2\/categories?post=96717"},{"taxonomy":"post_tag","embeddable":true,"href":"https:\/\/cdnoticias.com\/index.php\/wp-json\/wp\/v2\/tags?post=96717"}],"curies":[{"name":"wp","href":"https:\/\/api.w.org\/{rel}","templated":true}]}}