{"id":96714,"date":"2023-09-19T12:10:43","date_gmt":"2023-09-19T15:10:43","guid":{"rendered":"https:\/\/www.centraldenoticias.com.ar\/?p=96714"},"modified":"2023-09-19T13:10:53","modified_gmt":"2023-09-19T16:10:53","slug":"desde-este-miercoles-habra-atencion-traumatologica-mensual-en-la-zona-serrana","status":"publish","type":"post","link":"https:\/\/cdnoticias.com\/index.php\/2023\/09\/19\/desde-este-miercoles-habra-atencion-traumatologica-mensual-en-la-zona-serrana\/","title":{"rendered":"Desde este mi\u00e9rcoles habr\u00e1 atenci\u00f3n traumatol\u00f3gica mensual en la zona serrana"},"content":{"rendered":"<p>Ser\u00e1 a funci\u00f3n de un cronograma que contempla una visita por mes en Loma Negra, Sierra Chica, Sierras Bayas e Hinojo.<!--more--><\/p>\n<hr \/>\n<p>Desde la <strong>Direcci\u00f3n de Atenci\u00f3n Primaria de la Salud (APS) del Municipio<\/strong>, se inform\u00f3 que a partir de este mi\u00e9rcoles 20 de septiembre dar\u00e1 inicio la <strong>atenci\u00f3n sanitaria en Traumatolog\u00eda en la zona serrana.<\/strong><\/p>\n<p>&nbsp;<\/p>\n<p>Dicha asistencia est\u00e1 programada en funci\u00f3n de un cronograma que contempla una <strong>visita mensual<\/strong> del personal profesional a cargo de esta tarea, en las localidades de <strong>Loma Negra, Sierra Chica, Sierras Bayas e Hinojo<\/strong>, respectivamente.<\/p>\n<p>&nbsp;<\/p>\n<p>Durante el corriente mes, cada fecha a partir de las 08:30 horas, el cronograma establecido es el siguiente:<\/p>\n<p>&nbsp;<\/p>\n<p><strong>20\/9:<\/strong> CAPS 21 de Loma Negra<\/p>\n<p><strong>27\/9:<\/strong> CAPS 4 de Sierra chica<\/p>\n<p><strong>4\/10:<\/strong> Hospital de Sierras Bayas<\/p>\n<p><strong>11\/10:<\/strong> Hospital de Hinojo<\/p>\n<p>&nbsp;<\/p>\n<p><strong>Los meses siguientes se continuar\u00e1 de forma rotativa en el mismo orden<\/strong>. Cabe destacar que se brindar\u00e1 atenci\u00f3n a pacientes en <strong>condici\u00f3n Hospitalaria y de PAMI.<\/strong><\/p>\n<p>&nbsp;<\/p>\n<p>Resaltaron que el objetivo de esta iniciativa es, por un lado, descentralizar la asistencia sanitaria y, por otro lado, mejorar la accesibilidad de la poblaci\u00f3n al sistema de salud.<\/p>\n","protected":false},"excerpt":{"rendered":"<p>Ser\u00e1 a funci\u00f3n de un cronograma que contempla una visita por mes en Loma Negra, Sierra Chica, Sierras Bayas e<\/p>\n","protected":false},"author":5,"featured_media":76886,"comment_status":"closed","ping_status":"closed","sticky":false,"template":"","format":"standard","meta":{"_jetpack_memberships_contains_paid_content":false,"footnotes":""},"categories":[5,1],"tags":[],"class_list":["post-96714","post","type-post","status-publish","format-standard","has-post-thumbnail","hentry","category-informacion-general","category-portada"],"jetpack_featured_media_url":"https:\/\/i0.wp.com\/cdnoticias.com\/wp-content\/uploads\/2023\/02\/traumatologia-hospital-2-scaled.jpg?fit=2560%2C1424&ssl=1","jetpack_sharing_enabled":true,"_links":{"self":[{"href":"https:\/\/cdnoticias.com\/index.php\/wp-json\/wp\/v2\/posts\/96714","targetHints":{"allow":["GET"]}}],"collection":[{"href":"https:\/\/cdnoticias.com\/index.php\/wp-json\/wp\/v2\/posts"}],"about":[{"href":"https:\/\/cdnoticias.com\/index.php\/wp-json\/wp\/v2\/types\/post"}],"author":[{"embeddable":true,"href":"https:\/\/cdnoticias.com\/index.php\/wp-json\/wp\/v2\/users\/5"}],"replies":[{"embeddable":true,"href":"https:\/\/cdnoticias.com\/index.php\/wp-json\/wp\/v2\/comments?post=96714"}],"version-history":[{"count":0,"href":"https:\/\/cdnoticias.com\/index.php\/wp-json\/wp\/v2\/posts\/96714\/revisions"}],"wp:featuredmedia":[{"embeddable":true,"href":"https:\/\/cdnoticias.com\/index.php\/wp-json\/wp\/v2\/media\/76886"}],"wp:attachment":[{"href":"https:\/\/cdnoticias.com\/index.php\/wp-json\/wp\/v2\/media?parent=96714"}],"wp:term":[{"taxonomy":"category","embeddable":true,"href":"https:\/\/cdnoticias.com\/index.php\/wp-json\/wp\/v2\/categories?post=96714"},{"taxonomy":"post_tag","embeddable":true,"href":"https:\/\/cdnoticias.com\/index.php\/wp-json\/wp\/v2\/tags?post=96714"}],"curies":[{"name":"wp","href":"https:\/\/api.w.org\/{rel}","templated":true}]}}