{"id":96690,"date":"2023-09-19T08:38:16","date_gmt":"2023-09-19T11:38:16","guid":{"rendered":"https:\/\/www.centraldenoticias.com.ar\/?p=96690"},"modified":"2023-09-19T10:47:30","modified_gmt":"2023-09-19T13:47:30","slug":"lo-denunciaron-por-hacer-disparos-desde-un-auto-hallaron-cocaina-y-mas-de-300-mil-pesos","status":"publish","type":"post","link":"https:\/\/cdnoticias.com\/index.php\/2023\/09\/19\/lo-denunciaron-por-hacer-disparos-desde-un-auto-hallaron-cocaina-y-mas-de-300-mil-pesos\/","title":{"rendered":"Lo denunciaron por hacer disparos desde un auto: hallaron coca\u00edna y m\u00e1s de 300 mil pesos"},"content":{"rendered":"<p>Los hechos se dieron en las primeras horas de este martes en el barrio Hip\u00f3lito Yrigoyen. Se secuestr\u00f3 un rev\u00f3lver y proyectiles. Un hombre aprehendido.<\/p>\n<p><!--more--><\/p>\n<hr \/>\n<p><strong>Un violento episodio<\/strong> registrado en Olavarr\u00eda en las \u00faltimas horas deriv\u00f3 en el <strong>secuestro de coca\u00edna<\/strong>.<\/p>\n<p>&nbsp;<\/p>\n<p>Seg\u00fan se pudo saber, <strong>las actuaciones comenzaron cuando un llamado al 911<\/strong> expuso que desde un auto <strong>se hab\u00edan efectuado disparos de arma de fuego en Merlo entre Moya y Leal<\/strong>.<\/p>\n<p>&nbsp;<\/p>\n<p>El personal policial logr\u00f3 interceptar el rodado, <strong>un Peugeot 207 color blanco<\/strong>, en inmediaciones de<strong> Urquiza y Rufino Fal<\/strong>.<\/p>\n<p>&nbsp;<\/p>\n<p><img data-recalc-dims=\"1\" loading=\"lazy\" decoding=\"async\" class=\"size-full wp-image-96705 aligncenter\" src=\"https:\/\/i0.wp.com\/cdnoticias.com\/wp-content\/uploads\/2023\/09\/secuestro-drogas-y-revolver-00.jpg?resize=800%2C445&#038;ssl=1\" alt=\"\" width=\"800\" height=\"445\" srcset=\"https:\/\/i0.wp.com\/cdnoticias.com\/wp-content\/uploads\/2023\/09\/secuestro-drogas-y-revolver-00.jpg?w=1000&amp;ssl=1 1000w, https:\/\/i0.wp.com\/cdnoticias.com\/wp-content\/uploads\/2023\/09\/secuestro-drogas-y-revolver-00.jpg?resize=300%2C167&amp;ssl=1 300w, https:\/\/i0.wp.com\/cdnoticias.com\/wp-content\/uploads\/2023\/09\/secuestro-drogas-y-revolver-00.jpg?resize=768%2C427&amp;ssl=1 768w, https:\/\/i0.wp.com\/cdnoticias.com\/wp-content\/uploads\/2023\/09\/secuestro-drogas-y-revolver-00.jpg?resize=800%2C445&amp;ssl=1 800w\" sizes=\"auto, (max-width: 800px) 100vw, 800px\" \/><\/p>\n<p><img data-recalc-dims=\"1\" loading=\"lazy\" decoding=\"async\" class=\"aligncenter wp-image-96704\" src=\"https:\/\/i0.wp.com\/cdnoticias.com\/wp-content\/uploads\/2023\/09\/secuestro-drogas-y-revolver-04.jpg?resize=800%2C445&#038;ssl=1\" alt=\"\" width=\"800\" height=\"445\" srcset=\"https:\/\/i0.wp.com\/cdnoticias.com\/wp-content\/uploads\/2023\/09\/secuestro-drogas-y-revolver-04.jpg?resize=1024%2C569&amp;ssl=1 1024w, https:\/\/i0.wp.com\/cdnoticias.com\/wp-content\/uploads\/2023\/09\/secuestro-drogas-y-revolver-04.jpg?resize=300%2C167&amp;ssl=1 300w, https:\/\/i0.wp.com\/cdnoticias.com\/wp-content\/uploads\/2023\/09\/secuestro-drogas-y-revolver-04.jpg?resize=768%2C427&amp;ssl=1 768w, https:\/\/i0.wp.com\/cdnoticias.com\/wp-content\/uploads\/2023\/09\/secuestro-drogas-y-revolver-04.jpg?resize=800%2C445&amp;ssl=1 800w, https:\/\/i0.wp.com\/cdnoticias.com\/wp-content\/uploads\/2023\/09\/secuestro-drogas-y-revolver-04.jpg?w=1308&amp;ssl=1 1308w\" sizes=\"auto, (max-width: 800px) 100vw, 800px\" \/><\/p>\n<p>&nbsp;<\/p>\n<p>El veh\u00edculo fue requisado, al igual que su conductor, <strong>un hombre mayor de edad, quien qued\u00f3 aprehendido<\/strong>.<\/p>\n<p>&nbsp;<\/p>\n<blockquote><p>En el veh\u00edculo se encontr\u00f3 una mochila en cuyo interior hab\u00eda arma tipo revolver calibre 32 con tres proyectiles intactos en el tambor de carga y dos envoltorios de nylon color negro conteniendo una sustancia color blanca que, tras el testeo correspondiente, se constat\u00f3 que se trataba de 12,8 gramos de coca\u00edna.<\/p><\/blockquote>\n<p>&nbsp;<\/p>\n<p>Asimismo, se hall\u00f3 en la mochila <strong>una balanza de precisi\u00f3n<\/strong>, <strong>dos celulares<\/strong> y dinero en efectivo por <strong>381.280 pesos<\/strong> argentinos en billetes de diferente denominaci\u00f3n y un billete <strong>20 d\u00f3lares estadounidenses<\/strong>.<\/p>\n<p>&nbsp;<\/p>\n<p>Se expuso que tambi\u00e9n, <strong>en el buche de la puerta lado conductor se hallaron dos proyectiles intactos<\/strong> del mismo calibre que arma incautada.<\/p>\n<p>&nbsp;<\/p>\n<p><img data-recalc-dims=\"1\" loading=\"lazy\" decoding=\"async\" class=\"size-full wp-image-96703 aligncenter\" src=\"https:\/\/i0.wp.com\/cdnoticias.com\/wp-content\/uploads\/2023\/09\/secuestro-drogas-y-revolver-03.jpg?resize=800%2C445&#038;ssl=1\" alt=\"\" width=\"800\" height=\"445\" srcset=\"https:\/\/i0.wp.com\/cdnoticias.com\/wp-content\/uploads\/2023\/09\/secuestro-drogas-y-revolver-03.jpg?w=1000&amp;ssl=1 1000w, https:\/\/i0.wp.com\/cdnoticias.com\/wp-content\/uploads\/2023\/09\/secuestro-drogas-y-revolver-03.jpg?resize=300%2C167&amp;ssl=1 300w, https:\/\/i0.wp.com\/cdnoticias.com\/wp-content\/uploads\/2023\/09\/secuestro-drogas-y-revolver-03.jpg?resize=768%2C427&amp;ssl=1 768w, https:\/\/i0.wp.com\/cdnoticias.com\/wp-content\/uploads\/2023\/09\/secuestro-drogas-y-revolver-03.jpg?resize=800%2C445&amp;ssl=1 800w\" sizes=\"auto, (max-width: 800px) 100vw, 800px\" \/><\/p>\n<p><img data-recalc-dims=\"1\" loading=\"lazy\" decoding=\"async\" class=\"size-full wp-image-96701 aligncenter\" src=\"https:\/\/i0.wp.com\/cdnoticias.com\/wp-content\/uploads\/2023\/09\/secuestro-drogas-y-revolver-01.jpg?resize=800%2C445&#038;ssl=1\" alt=\"\" width=\"800\" height=\"445\" srcset=\"https:\/\/i0.wp.com\/cdnoticias.com\/wp-content\/uploads\/2023\/09\/secuestro-drogas-y-revolver-01.jpg?w=1000&amp;ssl=1 1000w, https:\/\/i0.wp.com\/cdnoticias.com\/wp-content\/uploads\/2023\/09\/secuestro-drogas-y-revolver-01.jpg?resize=300%2C167&amp;ssl=1 300w, https:\/\/i0.wp.com\/cdnoticias.com\/wp-content\/uploads\/2023\/09\/secuestro-drogas-y-revolver-01.jpg?resize=768%2C427&amp;ssl=1 768w, https:\/\/i0.wp.com\/cdnoticias.com\/wp-content\/uploads\/2023\/09\/secuestro-drogas-y-revolver-01.jpg?resize=800%2C445&amp;ssl=1 800w\" sizes=\"auto, (max-width: 800px) 100vw, 800px\" \/><\/p>\n<p>&nbsp;<\/p>\n<p>Fue convocada la divisi\u00f3n de Polic\u00eda Cient\u00edfica para realizar las pruebas correspondientes, entre ellas la <strong>prueba de dermotest<\/strong> sobre el aprehendido que permitir\u00e1 comprobar si utiliz\u00f3 previamente un arma de fuego. En ese sentido, se aclar\u00f3 que <strong>el arma ser\u00e1 sometida tambi\u00e9n a pericias<\/strong>.<\/p>\n<p>&nbsp;<\/p>\n<p>El resto de los elementos recogidos y el veh\u00edculo fueron trasladados a sede de<strong> Comisar\u00eda Segunda<\/strong> junto al hombre arrestado.<\/p>\n<p>&nbsp;<\/p>\n<p>Se iniciaron actuaciones penales en su contra por <strong>\u201ctenencia ilegal de arma de fuego y tenencia de estupefacientes con fines de comercializaci\u00f3n\u201d<\/strong>. Se dio intervenci\u00f3n a la UFI N\u00ba 19 a cargo del fiscal Lucas Moyano.<\/p>\n<p>&nbsp;<\/p>\n","protected":false},"excerpt":{"rendered":"<p>Los hechos se dieron en las primeras horas de este martes en el barrio Hip\u00f3lito Yrigoyen. Se secuestr\u00f3 un rev\u00f3lver<\/p>\n","protected":false},"author":4,"featured_media":96702,"comment_status":"closed","ping_status":"closed","sticky":false,"template":"","format":"standard","meta":{"_jetpack_memberships_contains_paid_content":false,"footnotes":""},"categories":[14,1],"tags":[],"class_list":["post-96690","post","type-post","status-publish","format-standard","has-post-thumbnail","hentry","category-policiales","category-portada"],"jetpack_featured_media_url":"https:\/\/i0.wp.com\/cdnoticias.com\/wp-content\/uploads\/2023\/09\/secuestro-drogas-y-revolver-02.jpg?fit=1000%2C557&ssl=1","jetpack_sharing_enabled":true,"_links":{"self":[{"href":"https:\/\/cdnoticias.com\/index.php\/wp-json\/wp\/v2\/posts\/96690","targetHints":{"allow":["GET"]}}],"collection":[{"href":"https:\/\/cdnoticias.com\/index.php\/wp-json\/wp\/v2\/posts"}],"about":[{"href":"https:\/\/cdnoticias.com\/index.php\/wp-json\/wp\/v2\/types\/post"}],"author":[{"embeddable":true,"href":"https:\/\/cdnoticias.com\/index.php\/wp-json\/wp\/v2\/users\/4"}],"replies":[{"embeddable":true,"href":"https:\/\/cdnoticias.com\/index.php\/wp-json\/wp\/v2\/comments?post=96690"}],"version-history":[{"count":0,"href":"https:\/\/cdnoticias.com\/index.php\/wp-json\/wp\/v2\/posts\/96690\/revisions"}],"wp:featuredmedia":[{"embeddable":true,"href":"https:\/\/cdnoticias.com\/index.php\/wp-json\/wp\/v2\/media\/96702"}],"wp:attachment":[{"href":"https:\/\/cdnoticias.com\/index.php\/wp-json\/wp\/v2\/media?parent=96690"}],"wp:term":[{"taxonomy":"category","embeddable":true,"href":"https:\/\/cdnoticias.com\/index.php\/wp-json\/wp\/v2\/categories?post=96690"},{"taxonomy":"post_tag","embeddable":true,"href":"https:\/\/cdnoticias.com\/index.php\/wp-json\/wp\/v2\/tags?post=96690"}],"curies":[{"name":"wp","href":"https:\/\/api.w.org\/{rel}","templated":true}]}}