{"id":96681,"date":"2023-09-18T20:04:42","date_gmt":"2023-09-18T23:04:42","guid":{"rendered":"https:\/\/www.centraldenoticias.com.ar\/?p=96681"},"modified":"2023-09-19T08:38:59","modified_gmt":"2023-09-19T11:38:59","slug":"compre-sin-iva-como-saber-si-estas-incluido-en-el-programa","status":"publish","type":"post","link":"https:\/\/cdnoticias.com\/index.php\/2023\/09\/18\/compre-sin-iva-como-saber-si-estas-incluido-en-el-programa\/","title":{"rendered":"Compre sin IVA: c\u00f3mo saber si est\u00e1s incluido en el Programa"},"content":{"rendered":"<p>Durante el primer d\u00eda del inicio de la iniciativa del gobierno nacional, se conocieron formas de saber, antes de ir al supermercado, si puede acceder a la quita del IVA de los productos de primera necesidad. <!--more--><\/p>\n<hr \/>\n<p>Luego del inicio del programa Compre sin IVA, que reintegra el 21% del gasto en compras con tarjetas de d\u00e9bito de productos de la canasta b\u00e1sica, <strong>se conocieron formas de conocer qui\u00e9nes est\u00e1n incluidos en esta iniciativa del gobierno nacional.<\/strong><\/p>\n<p>&nbsp;<\/p>\n<blockquote class=\"wp-embedded-content\" data-secret=\"gShn2z6xvj\"><p><a href=\"https:\/\/cdnoticias.com\/index.php\/2023\/09\/18\/compre-sin-iva-el-programa-comenzo-este-lunes-y-sumo-pagos-con-qr\/\">\u201cCompre sin IVA\u201d: el programa comenz\u00f3 este lunes y sum\u00f3 pagos con QR<\/a><\/p><\/blockquote>\n<p><iframe loading=\"lazy\" class=\"wp-embedded-content\" sandbox=\"allow-scripts\" security=\"restricted\" style=\"position: absolute; clip: rect(1px, 1px, 1px, 1px);\" title=\"&#8220;\u201cCompre sin IVA\u201d: el programa comenz\u00f3 este lunes y sum\u00f3 pagos con QR&#8221; &#8212; Central de Noticias | Olavarr\u00eda\" src=\"https:\/\/cdnoticias.com\/index.php\/2023\/09\/18\/compre-sin-iva-el-programa-comenzo-este-lunes-y-sumo-pagos-con-qr\/embed\/#?secret=zsXbADdpoR#?secret=gShn2z6xvj\" data-secret=\"gShn2z6xvj\" width=\"600\" height=\"338\" frameborder=\"0\" marginwidth=\"0\" marginheight=\"0\" scrolling=\"no\"><\/iframe><\/p>\n<p>&nbsp;<\/p>\n<p>Si bien a\u00fan no se actualiz\u00f3 el cruce de datos al 100%, <strong>AFIP dio a conocer, mediante una p\u00e1gina web, la forma de conocer si se puede acceder al programa.<\/strong><\/p>\n<p>&nbsp;<\/p>\n<p>Para ello hay que ingresar a <a href=\"https:\/\/servicioscf.afip.gob.ar\/publico\/reintegro\/consulta.aspx\" target=\"_blank\" rel=\"noopener\">la siguiente p\u00e1gina de AFIP<\/a>,<strong> escribir el n\u00famero de CUIL\/CUIT, colocar un c\u00f3digo de seguridad que da la propia web y apretar el bot\u00f3n verde \u201cconsultar\u201d<\/strong> (el otro, \u201cactualizar c\u00f3digo\u201d, es justamente para renovar el c\u00f3digo de seguridad en caso de haberlo tipeado mal, ya que se deben considerar may\u00fasculas y min\u00fasculas).<\/p>\n<p>&nbsp;<\/p>\n<blockquote><p>De esta forma, la p\u00e1gina confirmar\u00e1 si est\u00e1s incluido o no en el Compre sin IVA.<\/p><\/blockquote>\n<p>&nbsp;<\/p>\n<p>Cabe recordar que<strong> el programa permitir\u00e1 un ahorro de m\u00e1s 18.000 pesos por mes para las personas beneficiadas.<\/strong> Seg\u00fan anunci\u00f3 el ministro de Econom\u00eda, Sergio Massa, la iniciativa que entra en vigencia este lunes, da ampliaci\u00f3n a la medida, que ya beneficiaba a un n\u00famero m\u00e1s reducido de personas.<\/p>\n<p>&nbsp;<\/p>\n<p>As\u00ed, a partir del lunes, <strong>unos 9 millones de trabajadores, 7 millones de jubilados, monotributistas, titulares de Asignaci\u00f3n Universal por Hijo (AUH) y empleadas de casas de familia, podr\u00e1n aprovechar este alivio mensual en compra de alimentos y productos de higiene.<\/strong><\/p>\n<p>&nbsp;<\/p>\n<blockquote><p>Es necesario aclara que las comparas que entran autom\u00e1ticamente en el programa Compre sin IVA son las que se realicen con tarjeta de d\u00e9bito.<\/p><\/blockquote>\n<p>&nbsp;<\/p>\n<p>Por el momento <strong>no est\u00e1n incluidas las billeteras virtuales como Ual\u00e1, Mercado Pago, MODO, u otras.<\/strong> Sin embargo, en las \u00faltimas horas, se sum\u00f3 a la billetera Cuenta DNI, de Banco Provincia, ya que est\u00e1 asociada a la tarjeta de d\u00e9bito de la entidad bancaria.<\/p>\n","protected":false},"excerpt":{"rendered":"<p>Durante el primer d\u00eda del inicio de la iniciativa del gobierno nacional, se conocieron formas de saber, antes de ir<\/p>\n","protected":false},"author":2,"featured_media":96683,"comment_status":"closed","ping_status":"closed","sticky":false,"template":"","format":"standard","meta":{"_jetpack_memberships_contains_paid_content":false,"footnotes":""},"categories":[5,1],"tags":[],"class_list":["post-96681","post","type-post","status-publish","format-standard","has-post-thumbnail","hentry","category-informacion-general","category-portada"],"jetpack_featured_media_url":"https:\/\/i0.wp.com\/cdnoticias.com\/wp-content\/uploads\/2023\/09\/debito-super-iva.jpeg?fit=948%2C465&ssl=1","jetpack_sharing_enabled":true,"_links":{"self":[{"href":"https:\/\/cdnoticias.com\/index.php\/wp-json\/wp\/v2\/posts\/96681","targetHints":{"allow":["GET"]}}],"collection":[{"href":"https:\/\/cdnoticias.com\/index.php\/wp-json\/wp\/v2\/posts"}],"about":[{"href":"https:\/\/cdnoticias.com\/index.php\/wp-json\/wp\/v2\/types\/post"}],"author":[{"embeddable":true,"href":"https:\/\/cdnoticias.com\/index.php\/wp-json\/wp\/v2\/users\/2"}],"replies":[{"embeddable":true,"href":"https:\/\/cdnoticias.com\/index.php\/wp-json\/wp\/v2\/comments?post=96681"}],"version-history":[{"count":0,"href":"https:\/\/cdnoticias.com\/index.php\/wp-json\/wp\/v2\/posts\/96681\/revisions"}],"wp:featuredmedia":[{"embeddable":true,"href":"https:\/\/cdnoticias.com\/index.php\/wp-json\/wp\/v2\/media\/96683"}],"wp:attachment":[{"href":"https:\/\/cdnoticias.com\/index.php\/wp-json\/wp\/v2\/media?parent=96681"}],"wp:term":[{"taxonomy":"category","embeddable":true,"href":"https:\/\/cdnoticias.com\/index.php\/wp-json\/wp\/v2\/categories?post=96681"},{"taxonomy":"post_tag","embeddable":true,"href":"https:\/\/cdnoticias.com\/index.php\/wp-json\/wp\/v2\/tags?post=96681"}],"curies":[{"name":"wp","href":"https:\/\/api.w.org\/{rel}","templated":true}]}}