{"id":96633,"date":"2023-09-18T16:24:59","date_gmt":"2023-09-18T19:24:59","guid":{"rendered":"https:\/\/www.centraldenoticias.com.ar\/?p=96633"},"modified":"2023-09-18T18:04:55","modified_gmt":"2023-09-18T21:04:55","slug":"caza-ilegal-en-olavarria-vienen-de-otras-provincias-y-por-apuestas","status":"publish","type":"post","link":"https:\/\/cdnoticias.com\/index.php\/2023\/09\/18\/caza-ilegal-en-olavarria-vienen-de-otras-provincias-y-por-apuestas\/","title":{"rendered":"Caza ilegal en Olavarr\u00eda: vienen de otras provincias y \u201cpor apuestas\u201d"},"content":{"rendered":"<p>Productores rurales expusieron el crecimiento de la inseguridad a ra\u00edz de estas pr\u00e1cticas. Los compromisos del Municipio, la Polic\u00eda y la Justicia para la intervenci\u00f3n.<\/p>\n<p><!--more--><\/p>\n<hr \/>\n<p><a href=\"https:\/\/cdnoticias.com\/index.php\/2023\/09\/10\/el-jueves-reunion-sobre-seguridad-rural\/\" target=\"_blank\" rel=\"noopener\">Tal como hab\u00eda informado <strong>Central de Noticias<\/strong><\/a>, se desarroll\u00f3 un <strong>encuentro de productores rurales<\/strong> convocados por la tem\u00e1tica de la<strong> seguridad<\/strong> en Olavarr\u00eda.<\/p>\n<p>&nbsp;<\/p>\n<p>Fue organizado por <strong>Pablo Gonz\u00e1lez y Mario Gargiulo<\/strong>, y tuvo lugar en la sede de Santa Domingo. Asistieron el<strong> intendente Ezequiel Galli y autoridades de distintas dependencias policiales.<\/strong><\/p>\n<p>&nbsp;<\/p>\n<p>Asimismo, particip\u00f3 <strong>Coopelectric, la C\u00e1mara Empresaria y la agrupaci\u00f3n Mujeres Rurales en Red<\/strong>. Todos se expresaron sobre el tema central, aunque tambi\u00e9n por parte de los productores expusieron sobre el <strong>estado de los caminos<\/strong> y las condiciones del <strong>servicio el\u00e9ctrico<\/strong>.<\/p>\n<p>&nbsp;<\/p>\n<blockquote><p>Pablo Gonz\u00e1lez cont\u00f3 a<strong> Central de Noticias<\/strong> que \u201clo principal estuvo en lo de los galgueros\u201d. Se refiri\u00f3 as\u00ed a quienes se dedican a la pr\u00e1ctica ilegal de la caza, ya que no est\u00e1 habilitada en Olavarr\u00eda. Se\u00f1al\u00f3 que los ruralistas presentes expusieron que advert\u00edan que \u201cestaba entrando mucha gente de afuera, de otras provincias, y lo que se ve\u00eda era que no cazaban por hambre sino que lo hac\u00edan por apuestas\u201d.<\/p><\/blockquote>\n<p>&nbsp;<\/p>\n<p>\u201cTodos los productores que se acercaron al almuerzo plantearon que<strong> hace un tiempo lo que preocupa son los galgueros<\/strong> que se ven en la zona y que es mucha gente\u201d subray\u00f3. Tambi\u00e9n apunt\u00f3 a que esta pr\u00e1ctica suele conllevar adem\u00e1s que se produzcan<strong> da\u00f1os en los campos<\/strong>, como cortes en los alambrados, lo que impactan tambi\u00e9n en el desplazamiento de los animales de cada productor.<\/p>\n<p>&nbsp;<\/p>\n<p>Gonz\u00e1lez valor\u00f3 que, de todo lo expuesto<strong>, \u201ctom\u00f3 nota la Polic\u00eda, el Intendente y la Justicia\u201d<\/strong>. En ese sentido, destac\u00f3 que<strong> \u201ccomo resultado, durante el fin de semana hubo operativos<\/strong> contra los galgueros en la zona de <strong>Blanca Grande, Santa Dominga y Espigas<\/strong>\u201d. Cabe destacar que <a href=\"https:\/\/cdnoticias.com\/index.php\/2023\/09\/18\/caza-ilegal-infractores-demorados-en-inmediaciones-de-recalde\/\" target=\"_blank\" rel=\"noopener\">fueron demorados dos hombres<\/a>. El productor a\u00f1adi\u00f3 que <em>\u201cseguro la semana que viene seguir\u00e1n trabajando porque lo van a hacer varias semanas consecutivas\u201d<\/em>.<\/p>\n<p>&nbsp;<\/p>\n<p>El encuentro de ruralistas tuvo adem\u00e1s otro prop\u00f3sito: <strong>homenajear al fiscal Lucas Moyano, de la UFI N\u00ba 19 de Olavarr\u00eda<\/strong>. \u201cLucas dejaba la tem\u00e1tica de abigeatos, le agradecimos el compromiso que tuvo con nosotros todo el tiempo que estuvo con el tema. Las entidades le dieron un presente y tambi\u00e9n un reconocimiento por todo el compromiso que tuvo con los productores\u201d.<\/p>\n<p>&nbsp;<\/p>\n","protected":false},"excerpt":{"rendered":"<p>Productores rurales expusieron el crecimiento de la inseguridad a ra\u00edz de estas pr\u00e1cticas. Los compromisos del Municipio, la Polic\u00eda y<\/p>\n","protected":false},"author":4,"featured_media":39336,"comment_status":"closed","ping_status":"closed","sticky":false,"template":"","format":"standard","meta":{"_jetpack_memberships_contains_paid_content":false,"footnotes":""},"categories":[14,1],"tags":[],"class_list":["post-96633","post","type-post","status-publish","format-standard","has-post-thumbnail","hentry","category-policiales","category-portada"],"jetpack_featured_media_url":"https:\/\/i0.wp.com\/cdnoticias.com\/wp-content\/uploads\/2021\/11\/foro-seguridad-rural-05.jpg?fit=800%2C445&ssl=1","jetpack_sharing_enabled":true,"_links":{"self":[{"href":"https:\/\/cdnoticias.com\/index.php\/wp-json\/wp\/v2\/posts\/96633","targetHints":{"allow":["GET"]}}],"collection":[{"href":"https:\/\/cdnoticias.com\/index.php\/wp-json\/wp\/v2\/posts"}],"about":[{"href":"https:\/\/cdnoticias.com\/index.php\/wp-json\/wp\/v2\/types\/post"}],"author":[{"embeddable":true,"href":"https:\/\/cdnoticias.com\/index.php\/wp-json\/wp\/v2\/users\/4"}],"replies":[{"embeddable":true,"href":"https:\/\/cdnoticias.com\/index.php\/wp-json\/wp\/v2\/comments?post=96633"}],"version-history":[{"count":0,"href":"https:\/\/cdnoticias.com\/index.php\/wp-json\/wp\/v2\/posts\/96633\/revisions"}],"wp:featuredmedia":[{"embeddable":true,"href":"https:\/\/cdnoticias.com\/index.php\/wp-json\/wp\/v2\/media\/39336"}],"wp:attachment":[{"href":"https:\/\/cdnoticias.com\/index.php\/wp-json\/wp\/v2\/media?parent=96633"}],"wp:term":[{"taxonomy":"category","embeddable":true,"href":"https:\/\/cdnoticias.com\/index.php\/wp-json\/wp\/v2\/categories?post=96633"},{"taxonomy":"post_tag","embeddable":true,"href":"https:\/\/cdnoticias.com\/index.php\/wp-json\/wp\/v2\/tags?post=96633"}],"curies":[{"name":"wp","href":"https:\/\/api.w.org\/{rel}","templated":true}]}}