{"id":96628,"date":"2023-09-18T14:20:55","date_gmt":"2023-09-18T17:20:55","guid":{"rendered":"https:\/\/www.centraldenoticias.com.ar\/?p=96628"},"modified":"2023-09-18T14:20:55","modified_gmt":"2023-09-18T17:20:55","slug":"encuentro-republicano-federal-junto-a-patricia-bullrich-en-su-visita-a-olavarria","status":"publish","type":"post","link":"https:\/\/cdnoticias.com\/index.php\/2023\/09\/18\/encuentro-republicano-federal-junto-a-patricia-bullrich-en-su-visita-a-olavarria\/","title":{"rendered":"Encuentro Republicano Federal, junto a Patricia Bullrich en su visita a Olavarr\u00eda"},"content":{"rendered":"<p>Estuvieron el referente local, Mario Cura, y el presidente del espacio y actual candidato a diputado nacional, Miguel \u00c1ngel Pichetto.<\/p>\n<p><!--more--><\/p>\n<hr \/>\n<p>En la jornada del viernes y en la ma\u00f1ana del s\u00e1bado, <strong>Encuentro Republicano Federal Olavarr\u00eda<\/strong>, liderado por el <strong>contador Mario Cura<\/strong> y con la presencia del <strong>presidente del espacio y actual candidato a diputado nacional, Miguel \u00c1ngel Pichetto<\/strong>, acompa\u00f1\u00f3 la visita de la candidata a presidenta de Juntos por el Cambio, <strong>Patricia Bullrich<\/strong>.<\/p>\n<p>&nbsp;<\/p>\n<p>El evento del viernes fue <strong>organizado en el predio de la Rural<\/strong> e incluy\u00f3 <strong>un fog\u00f3n y hamburguesada<\/strong>. Adem\u00e1s, se realiz\u00f3 una <strong>recorrida por la ciudad<\/strong> en la ma\u00f1ana de este s\u00e1bado, un importante desayuno en la C\u00e1mara Empresaria y la visita al Hospital de Oncologia, <a href=\"https:\/\/cdnoticias.com\/index.php\/2023\/09\/16\/massa-hace-como-ministro-y-promete-como-presidente-que-va-a-hacer-lo-contrario-a-lo-que-esta-haciendo\/\" target=\"_blank\" rel=\"noopener\">donde se produjo una conferencia con los medios de prensa<\/a> . Cont\u00f3 con la <strong>presencia del Intendente Ezequiel Galli, el candidato a gobernador por la Provincia de Buenos Aires, N\u00e9stor Grindetti, el candidato a Senador Nacional Jos\u00e9 Luis Espert, por el Diputado por la Provincia de Buenos Aires Diego \u201cColo\u201d Santilli\u00a0 y dirigentes de la s\u00e9ptima secci\u00f3n electoral, as\u00ed como tambi\u00e9n militantes<\/strong>.<\/p>\n<p>&nbsp;<\/p>\n<p><img data-recalc-dims=\"1\" loading=\"lazy\" decoding=\"async\" class=\"size-full wp-image-96486 aligncenter\" src=\"https:\/\/i0.wp.com\/cdnoticias.com\/wp-content\/uploads\/2023\/09\/pichetto-cura-00.jpg?resize=800%2C445&#038;ssl=1\" alt=\"\" width=\"800\" height=\"445\" srcset=\"https:\/\/i0.wp.com\/cdnoticias.com\/wp-content\/uploads\/2023\/09\/pichetto-cura-00.jpg?w=800&amp;ssl=1 800w, https:\/\/i0.wp.com\/cdnoticias.com\/wp-content\/uploads\/2023\/09\/pichetto-cura-00.jpg?resize=300%2C167&amp;ssl=1 300w, https:\/\/i0.wp.com\/cdnoticias.com\/wp-content\/uploads\/2023\/09\/pichetto-cura-00.jpg?resize=768%2C427&amp;ssl=1 768w\" sizes=\"auto, (max-width: 800px) 100vw, 800px\" \/><\/p>\n<p>&nbsp;<\/p>\n<p>Desde ERF se destac\u00f3 que el <strong>candidato a gobernador, N\u00e9stor Grindetti<\/strong>, agradeci\u00f3 a todos los presentes y luego manifest\u00f3: <strong>\u201cEl comportamiento que estamos teniendo todos es estar juntos en este momento.<\/strong> Los dirigentes hemos cumplido con la palabra y eso me da una enorme satisfacci\u00f3n. Lo estamos cumpliendo en toda la Provincia de Buenos Aires, lo que nos hace fuertes para enfrentar al Kirchnerismo que est\u00e1 dividi\u00e9ndose. Aqu\u00ed es donde aparece<strong> una gran oportunidad para ganar las elecciones<\/strong> y poder finalizar no solo una crisis econ\u00f3mica, sino tambi\u00e9n una crisis de valores en la familia, democracia, rep\u00fablica, esfuerzo, trabajo y estudio\u201d.<\/p>\n<p>&nbsp;<\/p>\n<p>El sector del curismo local cit\u00f3 tambi\u00e9n las declaraciones de Bullrich &#8220;ante una multitud&#8221; al tiempo que se se\u00f1al\u00f3 que &#8220;nuestra candidata a presidenta, que previamente recorri\u00f3 parte de la 7ma secci\u00f3n electoral antes de llegar a Olavarr\u00eda&#8221;. <strong>\u201cEn cada provincia, ciudad y pueblo, Juntos por el Cambio est\u00e1 unido.<\/strong> Todos somos conscientes de la <strong>responsabilidad hist\u00f3rica<\/strong> que tenemos y tambi\u00e9n reflexivos de que estamos frente a una batalla trascendental de nuestra historia. Estas elecciones tienen un componente especial: seguir en una Argentina que contin\u00fae bajo un r\u00e9gimen que ha generado la destrucci\u00f3n de los valores de nuestra sociedad, que ha generado el mundo al rev\u00e9s en la seguridad y que ha destruido la convivencia. <strong>Tenemos la obligaci\u00f3n hist\u00f3rica de terminar con este ciclo kirchnerista<\/strong>\u201d, enfatiz\u00f3 Bullrich.<\/p>\n<p>&nbsp;<\/p>\n<p><img data-recalc-dims=\"1\" loading=\"lazy\" decoding=\"async\" class=\"size-full wp-image-96631 aligncenter\" src=\"https:\/\/i0.wp.com\/cdnoticias.com\/wp-content\/uploads\/2023\/09\/ERF-mario-cura-bullrich-0.jpg?resize=800%2C444&#038;ssl=1\" alt=\"\" width=\"800\" height=\"444\" srcset=\"https:\/\/i0.wp.com\/cdnoticias.com\/wp-content\/uploads\/2023\/09\/ERF-mario-cura-bullrich-0.jpg?w=800&amp;ssl=1 800w, https:\/\/i0.wp.com\/cdnoticias.com\/wp-content\/uploads\/2023\/09\/ERF-mario-cura-bullrich-0.jpg?resize=300%2C167&amp;ssl=1 300w, https:\/\/i0.wp.com\/cdnoticias.com\/wp-content\/uploads\/2023\/09\/ERF-mario-cura-bullrich-0.jpg?resize=768%2C426&amp;ssl=1 768w\" sizes=\"auto, (max-width: 800px) 100vw, 800px\" \/><\/p>\n<p>&nbsp;<\/p>\n<p>Adem\u00e1s, sostuvo que &#8220;hay que acabar con esa ideolog\u00eda kirchnerista que ha sido nefasta para Argentina, destruyendo la econom\u00eda, salud, fuerzas armadas y creando un estado patrimonial, crey\u00e9ndose sus due\u00f1os. La construcci\u00f3n de ese estado ha destruido la clase media de Argentina, a los trabajadores, empresarios y PYME\u201d, enunci\u00f3. \u201cAhora es nuestra responsabilidad. Lo hemos frenado en muchos momentos durante estos 20 a\u00f1os. El pa\u00eds no termin\u00f3 como Venezuela. Logramos frenar lo que intentaron hacer con el campo hace 15 a\u00f1os y los embates contra la justicia y la libertad de expresi\u00f3n. Por eso ahora tenemos la oportunidad de ganar las elecciones y cambiar definitivamente la situaci\u00f3n de nuestro pa\u00eds, salir de la peor crisis que hemos vivido en democracia\u201d.<\/p>\n<p>&nbsp;<\/p>\n<blockquote><p>\u201cSe creen que somos est\u00fapidos, porque el ministro de econom\u00eda, que es adem\u00e1s el candidato a presidente, nos dice que como presidente va a hacer exactamente lo contrario de lo que est\u00e1 haciendo como ministro y en el medio de esto nosotros tenemos que fortalecernos. Cuando vienen determinados elementos, que aparecen como lo nuevo en la pol\u00edtica, eso que viene sin nada, como una c\u00e1scara vac\u00eda, la empiezan a llenar con personas que representan a la Argentina que no quiere cambiar e impedir que Juntos por el Cambio venga esta vez a cambiar el camino de este pa\u00eds que est\u00e1 totalmente desahuciado\u201d, expres\u00f3 la candidata entre aplausos.<\/p><\/blockquote>\n<p>&nbsp;<\/p>\n<p><img data-recalc-dims=\"1\" loading=\"lazy\" decoding=\"async\" class=\"size-full wp-image-96630 aligncenter\" src=\"https:\/\/i0.wp.com\/cdnoticias.com\/wp-content\/uploads\/2023\/09\/ERF-mario-cura-galli-grindetti-andrea-coronel.jpg?resize=800%2C445&#038;ssl=1\" alt=\"\" width=\"800\" height=\"445\" srcset=\"https:\/\/i0.wp.com\/cdnoticias.com\/wp-content\/uploads\/2023\/09\/ERF-mario-cura-galli-grindetti-andrea-coronel.jpg?w=800&amp;ssl=1 800w, https:\/\/i0.wp.com\/cdnoticias.com\/wp-content\/uploads\/2023\/09\/ERF-mario-cura-galli-grindetti-andrea-coronel.jpg?resize=300%2C167&amp;ssl=1 300w, https:\/\/i0.wp.com\/cdnoticias.com\/wp-content\/uploads\/2023\/09\/ERF-mario-cura-galli-grindetti-andrea-coronel.jpg?resize=768%2C427&amp;ssl=1 768w\" sizes=\"auto, (max-width: 800px) 100vw, 800px\" \/><\/p>\n<p>&nbsp;<\/p>\n<p>Por su parte, <strong>el intendente Ezequiel Galli<\/strong> agradeci\u00f3 a todos los asistentes y manifest\u00f3 que &#8220;Argentina necesita un cambio profundo&#8221; y que, con los valores de Juntos por el Cambio, llegar\u00e1n &#8220;a cada vecino de Olavarr\u00eda para evitar que el municipio sea gobernado por La C\u00e1mpora&#8221;.<\/p>\n<p>&nbsp;<\/p>\n<blockquote><p>&#8220;Desde Encuentro Republicano Federal Olavarr\u00eda, en representaci\u00f3n de nuestro candidato a Diputado Nacional y l\u00edder de nuestro espacio a nivel nacional, Miguel \u00c1ngel Pichetto, asumimos el gran desaf\u00edo de apoyar la lista completa de Juntos por el Cambio que encabeza Patricia Bullrich. Entendemos que debemos terminar con el da\u00f1o que le ha causado el kirchnerismo a Argentina. Por eso es importante que Juntos por el Cambio sea gobierno a partir del 10 de diciembre&#8221; cerr\u00f3 el comunicado.<\/p><\/blockquote>\n<p>&nbsp;<\/p>\n<blockquote class=\"wp-embedded-content\" data-secret=\"YR2HnX4Dk2\"><p><a href=\"https:\/\/cdnoticias.com\/index.php\/2023\/09\/16\/massa-hace-como-ministro-y-promete-como-presidente-que-va-a-hacer-lo-contrario-a-lo-que-esta-haciendo\/\">\u201cMassa hace como ministro y promete como presidente que va a hacer lo contrario a lo que est\u00e1 haciendo\u201d<\/a><\/p><\/blockquote>\n<p><iframe loading=\"lazy\" class=\"wp-embedded-content\" sandbox=\"allow-scripts\" security=\"restricted\" style=\"position: absolute; clip: rect(1px, 1px, 1px, 1px);\" title=\"&#8220;\u201cMassa hace como ministro y promete como presidente que va a hacer lo contrario a lo que est\u00e1 haciendo\u201d&#8221; &#8212; Central de Noticias | Olavarr\u00eda\" src=\"https:\/\/cdnoticias.com\/index.php\/2023\/09\/16\/massa-hace-como-ministro-y-promete-como-presidente-que-va-a-hacer-lo-contrario-a-lo-que-esta-haciendo\/embed\/#?secret=QsjJEZ2YVm#?secret=YR2HnX4Dk2\" data-secret=\"YR2HnX4Dk2\" width=\"600\" height=\"338\" frameborder=\"0\" marginwidth=\"0\" marginheight=\"0\" scrolling=\"no\"><\/iframe><\/p>\n<p>&nbsp;<\/p>\n","protected":false},"excerpt":{"rendered":"<p>Estuvieron el referente local, Mario Cura, y el presidente del espacio y actual candidato a diputado nacional, Miguel \u00c1ngel Pichetto.<\/p>\n","protected":false},"author":4,"featured_media":96629,"comment_status":"closed","ping_status":"closed","sticky":false,"template":"","format":"standard","meta":{"_jetpack_memberships_contains_paid_content":false,"footnotes":""},"categories":[4,1],"tags":[],"class_list":["post-96628","post","type-post","status-publish","format-standard","has-post-thumbnail","hentry","category-politica","category-portada"],"jetpack_featured_media_url":"https:\/\/i0.wp.com\/cdnoticias.com\/wp-content\/uploads\/2023\/09\/ERF-mario-cura-bullrich-1.jpg?fit=800%2C446&ssl=1","jetpack_sharing_enabled":true,"_links":{"self":[{"href":"https:\/\/cdnoticias.com\/index.php\/wp-json\/wp\/v2\/posts\/96628","targetHints":{"allow":["GET"]}}],"collection":[{"href":"https:\/\/cdnoticias.com\/index.php\/wp-json\/wp\/v2\/posts"}],"about":[{"href":"https:\/\/cdnoticias.com\/index.php\/wp-json\/wp\/v2\/types\/post"}],"author":[{"embeddable":true,"href":"https:\/\/cdnoticias.com\/index.php\/wp-json\/wp\/v2\/users\/4"}],"replies":[{"embeddable":true,"href":"https:\/\/cdnoticias.com\/index.php\/wp-json\/wp\/v2\/comments?post=96628"}],"version-history":[{"count":0,"href":"https:\/\/cdnoticias.com\/index.php\/wp-json\/wp\/v2\/posts\/96628\/revisions"}],"wp:featuredmedia":[{"embeddable":true,"href":"https:\/\/cdnoticias.com\/index.php\/wp-json\/wp\/v2\/media\/96629"}],"wp:attachment":[{"href":"https:\/\/cdnoticias.com\/index.php\/wp-json\/wp\/v2\/media?parent=96628"}],"wp:term":[{"taxonomy":"category","embeddable":true,"href":"https:\/\/cdnoticias.com\/index.php\/wp-json\/wp\/v2\/categories?post=96628"},{"taxonomy":"post_tag","embeddable":true,"href":"https:\/\/cdnoticias.com\/index.php\/wp-json\/wp\/v2\/tags?post=96628"}],"curies":[{"name":"wp","href":"https:\/\/api.w.org\/{rel}","templated":true}]}}