{"id":966,"date":"2020-09-07T14:19:21","date_gmt":"2020-09-07T17:19:21","guid":{"rendered":"http:\/\/www.centraldenoticias.com.ar\/?p=966"},"modified":"2020-09-07T17:54:46","modified_gmt":"2020-09-07T20:54:46","slug":"que-dice-el-decreto-que-multa-las-reuniones-sociales","status":"publish","type":"post","link":"https:\/\/cdnoticias.com\/index.php\/2020\/09\/07\/que-dice-el-decreto-que-multa-las-reuniones-sociales\/","title":{"rendered":"Qu\u00e9 dice el decreto que multa las reuniones sociales"},"content":{"rendered":"<p>En la ma\u00f1ana de este lunes se promulg\u00f3 el decreto 2.566. Se sostiene que \u201cun n\u00famero importante y creciente de brotes se origina a partir de la transmisi\u00f3n en eventos sociales\u201d. De los casos positivos al s\u00e1bado, casi 60% se hab\u00eda contagiado de esa manera.<!--more--><\/p>\n<hr \/>\n<p>El Municipio<a href=\"https:\/\/cdnoticias.com\/index.php\/2020\/09\/07\/emergencia-sanitaria-rigen-las-multas-por-encuentros-sociales\/\"> promulg\u00f3 el decreto<\/a> que establece las multas para las reuniones sociales. Se trata de la normativa 2.566 con fecha del 31 de agosto en la que se determina la <strong>\u201ccompetencia del Juzgado de Faltas Municipal para el juzgamiento de la falta y contravenci\u00f3n consistente en la realizaci\u00f3n de eventos o reuniones sociales o familiares en espacios cerrados o en domicilios particulares\u201d<\/strong>.<\/p>\n<p>Tal como hab\u00eda adelantado Ezequiel Galli, se estableci\u00f3 una multa de \u201centre 1 y 100 salarios\u201d, monto que se duplica \u201cen caso de reincidencia\u201d. La norma fue firmada por el Intendente y todos los secretarios del Gabinete.<\/p>\n<p>Tambi\u00e9n se deja en claro que la \u201cconducta descrita como t\u00edpica\u201d, es decir el comportamiento que genera la infracci\u00f3n, se configur\u00f3 ad refer\u00e9ndum de la ordenanza que sancionar\u00e1 el Concejo Deliberante.<\/p>\n<p>El Intendente hab\u00eda se\u00f1alado en la \u00faltima conferencia la importancia central que tuvieron las reuniones sociales al momento de establecer los nexos epidemiol\u00f3gicos. <strong>Pr\u00e1cticamente el 60% de los casos positivos confirmados el s\u00e1bado, cuando se anunci\u00f3 este decreto, se hab\u00eda contagiado de esta manera<\/strong>.<\/p>\n<p><strong>Propagaci\u00f3n<\/strong><\/p>\n<p>El decreto toma como base lo dispuesto por la Provincia \u201ca trav\u00e9s de los decretos 641 y 714\/20 en el marco de la emergencia sanitaria generada por el Covid-19 en relaci\u00f3n a la prohibici\u00f3n de realizaci\u00f3n de eventos y reuniones sociales en espacios cerrados\u201d.<\/p>\n<p>En los considerandos, se se\u00f1al\u00f3 que \u201catento al modo en que ha evolucionado la pandemia en el partido de Olavarr\u00eda\u201d y en funci\u00f3n del asesoramiento del Comit\u00e9 de Crisis y la Secretar\u00eda de Salud fue \u201cnecesario adoptar <strong>medidas que apunten a reducir las ocasiones en las que se produce un gran n\u00famero de contagios<\/strong>\u201d.<\/p>\n<p>En este sentido, se repasaron las formas de propagaci\u00f3n del virus, llamado Sars Cov 2, y la importancia de la distancia social para evitar esa difusi\u00f3n. \u201cSe encuentra verificado que en <strong>los espacios cerrados sin ventilaci\u00f3n facilitan la transmisi\u00f3n del virus<\/strong> por lo que un n\u00famero importante y creciente de brotes se origina a partir de la transmisi\u00f3n en eventos sociales\u201d afirma el decreto.<\/p>\n<blockquote><p>A continuaci\u00f3n se detall\u00f3 el aumento de riesgo de contagio en este tipo de contextos. \u201cEl encuentro con personas no convivientes, en lugares cerrados, se puede propagar la enfermedad a partir de un caso a m\u00faltiples domicilios generando diversas cadenas de transmisi\u00f3n lo que aumenta exponencialmente el n\u00famero de contactos estrechos posibles transmisores del virus\u201d. Justamente, este es la clave por la cual deben evitarse las reuniones sociales.<\/p><\/blockquote>\n<p>Por \u00faltimo, se cit\u00f3 que desde el Comit\u00e9 de Crisis se consider\u00f3 \u201coportuno resaltar a la comunidad\u201d la importancia de sostener las medidas sanitarias de prevenci\u00f3n: <strong>distanciamiento social, lavado de manos, uso de barbijo y\/o tapabocas, y estornudar o toser en el pliegue del codo<\/strong>.<\/p>\n<p>El decreto comenz\u00f3 a regir desde su promulgaci\u00f3n. Al momento de anunciar el decreto, Galli inform\u00f3 que las multas alcanzan a entre 16 mil pesos y 1.600.000 pesos.<\/p>\n","protected":false},"excerpt":{"rendered":"<p>En la ma\u00f1ana de este lunes se promulg\u00f3 el decreto 2.566. Se sostiene que \u201cun n\u00famero importante y creciente de<\/p>\n","protected":false},"author":4,"featured_media":0,"comment_status":"closed","ping_status":"closed","sticky":false,"template":"","format":"standard","meta":{"_jetpack_memberships_contains_paid_content":false,"footnotes":""},"categories":[5,1],"tags":[],"class_list":["post-966","post","type-post","status-publish","format-standard","hentry","category-informacion-general","category-portada"],"jetpack_featured_media_url":"","jetpack_sharing_enabled":true,"_links":{"self":[{"href":"https:\/\/cdnoticias.com\/index.php\/wp-json\/wp\/v2\/posts\/966","targetHints":{"allow":["GET"]}}],"collection":[{"href":"https:\/\/cdnoticias.com\/index.php\/wp-json\/wp\/v2\/posts"}],"about":[{"href":"https:\/\/cdnoticias.com\/index.php\/wp-json\/wp\/v2\/types\/post"}],"author":[{"embeddable":true,"href":"https:\/\/cdnoticias.com\/index.php\/wp-json\/wp\/v2\/users\/4"}],"replies":[{"embeddable":true,"href":"https:\/\/cdnoticias.com\/index.php\/wp-json\/wp\/v2\/comments?post=966"}],"version-history":[{"count":0,"href":"https:\/\/cdnoticias.com\/index.php\/wp-json\/wp\/v2\/posts\/966\/revisions"}],"wp:attachment":[{"href":"https:\/\/cdnoticias.com\/index.php\/wp-json\/wp\/v2\/media?parent=966"}],"wp:term":[{"taxonomy":"category","embeddable":true,"href":"https:\/\/cdnoticias.com\/index.php\/wp-json\/wp\/v2\/categories?post=966"},{"taxonomy":"post_tag","embeddable":true,"href":"https:\/\/cdnoticias.com\/index.php\/wp-json\/wp\/v2\/tags?post=966"}],"curies":[{"name":"wp","href":"https:\/\/api.w.org\/{rel}","templated":true}]}}