{"id":96591,"date":"2023-09-18T11:55:24","date_gmt":"2023-09-18T14:55:24","guid":{"rendered":"https:\/\/www.centraldenoticias.com.ar\/?p=96591"},"modified":"2023-09-18T12:42:33","modified_gmt":"2023-09-18T15:42:33","slug":"caza-ilegal-infractores-demorados-en-inmediaciones-de-recalde","status":"publish","type":"post","link":"https:\/\/cdnoticias.com\/index.php\/2023\/09\/18\/caza-ilegal-infractores-demorados-en-inmediaciones-de-recalde\/","title":{"rendered":"Caza ilegal: infractores demorados en inmediaciones de Recalde"},"content":{"rendered":"<p>Fue este domingo: iban en una camioneta con perros y hab\u00edan cazado un avestruz. Operativo conjunto de efectivos del Puesto de Recalde, el Destacamento de Espigas y la Patrulla Rural.<\/p>\n<p><!--more--><\/p>\n<hr \/>\n<p><strong>Dos hombres fueron demorados e infraccionados<\/strong> en inmediaciones de<strong> Recalde<\/strong> al ser hallados con <strong>una pieza de caza<\/strong>, <strong>pr\u00e1ctica que no est\u00e1 habilitada<\/strong> en el distrito de Olavarr\u00eda.<\/p>\n<p>&nbsp;<\/p>\n<p>Fue este domingo. Seg\u00fan se inform\u00f3, intervinieron<strong> efectivos policiales del Puesto de Vigilancia de Recalde<\/strong> en tareas conjuntas con el <strong>Destacamento de Espigas y la Patrulla Rural (CPR)<\/strong> en el marco de operativos diagramados por <strong>\u201cInfractores al decreto ley 8.785\/77 (Ley de faltas agrarias)\u201d<\/strong>.<\/p>\n<p>&nbsp;<\/p>\n<p><img data-recalc-dims=\"1\" loading=\"lazy\" decoding=\"async\" class=\"size-large wp-image-96592 aligncenter\" src=\"https:\/\/i0.wp.com\/cdnoticias.com\/wp-content\/uploads\/2023\/09\/infraccion-caza-ilegal-recalde-00-2.jpg?resize=800%2C445&#038;ssl=1\" alt=\"\" width=\"800\" height=\"445\" srcset=\"https:\/\/i0.wp.com\/cdnoticias.com\/wp-content\/uploads\/2023\/09\/infraccion-caza-ilegal-recalde-00-2.jpg?resize=1024%2C569&amp;ssl=1 1024w, https:\/\/i0.wp.com\/cdnoticias.com\/wp-content\/uploads\/2023\/09\/infraccion-caza-ilegal-recalde-00-2.jpg?resize=300%2C167&amp;ssl=1 300w, https:\/\/i0.wp.com\/cdnoticias.com\/wp-content\/uploads\/2023\/09\/infraccion-caza-ilegal-recalde-00-2.jpg?resize=768%2C427&amp;ssl=1 768w, https:\/\/i0.wp.com\/cdnoticias.com\/wp-content\/uploads\/2023\/09\/infraccion-caza-ilegal-recalde-00-2.jpg?resize=800%2C445&amp;ssl=1 800w, https:\/\/i0.wp.com\/cdnoticias.com\/wp-content\/uploads\/2023\/09\/infraccion-caza-ilegal-recalde-00-2.jpg?w=1152&amp;ssl=1 1152w\" sizes=\"auto, (max-width: 800px) 100vw, 800px\" \/><\/p>\n<p>&nbsp;<\/p>\n<p>En el <strong>camino rural La Monta\u00f1osa<\/strong>, en jurisdicci\u00f3n de la<strong> localidad de Recalde<\/strong>, fueron interceptados <strong>dos hombres a bordo de una camioneta Ford F-100<\/strong>, color roja con c\u00fapula blanca. Llevaban<strong> ocho canes tipo galgo<\/strong> en la caja del veh\u00edculo y ten\u00edan en su <strong>poder un avestruz<\/strong>.<\/p>\n<p>&nbsp;<\/p>\n<p>Se notific\u00f3 a los <strong>infractores, domiciliados en Olavarr\u00eda<\/strong>, de la formaci\u00f3n de una causa en su contra y quedaron en libertad.<\/p>\n<p>&nbsp;<\/p>\n<p>Inicialmente,<strong> el veh\u00edculo y los perros fueron secuestrados<\/strong>. Tras las diligencias de rigor concretadas fueron entregados a su propietario.<\/p>\n<p>&nbsp;<\/p>\n<p>Las actuaciones fueron remitidas Ministerio de Desarrollo Agrario de la provincia. Fueron caratuladas <strong>\u201cinfracci\u00f3n a los art\u00edculos 268, 272, 273 inciso k, y 274 del decreto ley 8.785\/77\u201d<\/strong>.<\/p>\n<p>&nbsp;<\/p>\n<blockquote><p>Desde la Jefatura Departamental de Polic\u00eda se destac\u00f3 que estos operativos fueron diagramados luego de la <a href=\"https:\/\/cdnoticias.com\/index.php\/2023\/09\/10\/el-jueves-reunion-sobre-seguridad-rural\/\" target=\"_blank\" rel=\"noopener\">reuni\u00f3n convocada por productores rurales de la zona<\/a>, \u201cquienes dejaron de manifiesto la concurrencia de galgueros de manera m\u00e1s frecuente\u201d.\u00a0Se adelant\u00f3 que continuar\u00e1n implement\u00e1ndose en distintos d\u00edas y horarios.<\/p><\/blockquote>\n<p>&nbsp;<\/p>\n","protected":false},"excerpt":{"rendered":"<p>Fue este domingo: iban en una camioneta con perros y hab\u00edan cazado un avestruz. Operativo conjunto de efectivos del Puesto<\/p>\n","protected":false},"author":4,"featured_media":96594,"comment_status":"closed","ping_status":"closed","sticky":false,"template":"","format":"standard","meta":{"_jetpack_memberships_contains_paid_content":false,"footnotes":""},"categories":[14,1],"tags":[],"class_list":["post-96591","post","type-post","status-publish","format-standard","has-post-thumbnail","hentry","category-policiales","category-portada"],"jetpack_featured_media_url":"https:\/\/i0.wp.com\/cdnoticias.com\/wp-content\/uploads\/2023\/09\/infraccion-caza-ilegal-recalde-00-1.jpg?fit=1021%2C568&ssl=1","jetpack_sharing_enabled":true,"_links":{"self":[{"href":"https:\/\/cdnoticias.com\/index.php\/wp-json\/wp\/v2\/posts\/96591","targetHints":{"allow":["GET"]}}],"collection":[{"href":"https:\/\/cdnoticias.com\/index.php\/wp-json\/wp\/v2\/posts"}],"about":[{"href":"https:\/\/cdnoticias.com\/index.php\/wp-json\/wp\/v2\/types\/post"}],"author":[{"embeddable":true,"href":"https:\/\/cdnoticias.com\/index.php\/wp-json\/wp\/v2\/users\/4"}],"replies":[{"embeddable":true,"href":"https:\/\/cdnoticias.com\/index.php\/wp-json\/wp\/v2\/comments?post=96591"}],"version-history":[{"count":0,"href":"https:\/\/cdnoticias.com\/index.php\/wp-json\/wp\/v2\/posts\/96591\/revisions"}],"wp:featuredmedia":[{"embeddable":true,"href":"https:\/\/cdnoticias.com\/index.php\/wp-json\/wp\/v2\/media\/96594"}],"wp:attachment":[{"href":"https:\/\/cdnoticias.com\/index.php\/wp-json\/wp\/v2\/media?parent=96591"}],"wp:term":[{"taxonomy":"category","embeddable":true,"href":"https:\/\/cdnoticias.com\/index.php\/wp-json\/wp\/v2\/categories?post=96591"},{"taxonomy":"post_tag","embeddable":true,"href":"https:\/\/cdnoticias.com\/index.php\/wp-json\/wp\/v2\/tags?post=96591"}],"curies":[{"name":"wp","href":"https:\/\/api.w.org\/{rel}","templated":true}]}}