{"id":96574,"date":"2023-09-18T08:12:39","date_gmt":"2023-09-18T11:12:39","guid":{"rendered":"https:\/\/www.centraldenoticias.com.ar\/?p=96574"},"modified":"2023-09-21T11:38:39","modified_gmt":"2023-09-21T14:38:39","slug":"robo-dinero-y-un-celular-de-un-comercio-centrico-y-fue-atrapado","status":"publish","type":"post","link":"https:\/\/cdnoticias.com\/index.php\/2023\/09\/18\/robo-dinero-y-un-celular-de-un-comercio-centrico-y-fue-atrapado\/","title":{"rendered":"Rob\u00f3 dinero y un celular de un comercio c\u00e9ntrico y fue atrapado"},"content":{"rendered":"<p>Un hombre de 42 a\u00f1os ingres\u00f3 al local por una ventana trasera. Huy\u00f3 al advertir la presencia del propietario. Fue aprehendido a las pocas cuadras por personal policial.<!--more--><\/p>\n<hr \/>\n<p>Un hombre de 42 a\u00f1os fue aprehendido por personal de Motopolicias y Comando de Patrullas tras robar en un <strong>comercio ubicado en Alsina al 3100.<\/strong><\/p>\n<p>&nbsp;<\/p>\n<p>Seg\u00fan se inform\u00f3, el propietario del comercio advirti\u00f3 a los efectivos que un hombre hab\u00eda ingresado al local tras <strong>romper la ventana que da a un patio.<\/strong> Una vez dentro del comercio, revis\u00f3 el lugar y al advertir la presencia del hombre<strong> huy\u00f3 con alrededor de 5 mil pesos y un tel\u00e9fono celular marca IPhone.<\/strong><\/p>\n<p>&nbsp;<\/p>\n<p>La polic\u00eda dispuso un<strong> operativo cerrojo<\/strong> y a las pocas cuadras, en \u00c1lvaro Barros y Lavalle logr\u00f3 su aprehensi\u00f3n. Fue trasladado a la sede policial y enfrenta una causa por \u201crobo infraganti delito\u201d a cargo de la UFI N\u00b0 7 del doctor Christian Urlezaga.<br \/>\n&nbsp;<\/p>\n","protected":false},"excerpt":{"rendered":"<p>Un hombre de 42 a\u00f1os ingres\u00f3 al local por una ventana trasera. Huy\u00f3 al advertir la presencia del propietario. Fue<\/p>\n","protected":false},"author":5,"featured_media":96575,"comment_status":"closed","ping_status":"closed","sticky":false,"template":"","format":"standard","meta":{"_jetpack_memberships_contains_paid_content":false,"footnotes":""},"categories":[14,1],"tags":[],"class_list":["post-96574","post","type-post","status-publish","format-standard","has-post-thumbnail","hentry","category-policiales","category-portada"],"jetpack_featured_media_url":"https:\/\/i0.wp.com\/cdnoticias.com\/wp-content\/uploads\/2023\/09\/aprehendido-comercio-celular.jpg?fit=798%2C444&ssl=1","jetpack_sharing_enabled":true,"_links":{"self":[{"href":"https:\/\/cdnoticias.com\/index.php\/wp-json\/wp\/v2\/posts\/96574","targetHints":{"allow":["GET"]}}],"collection":[{"href":"https:\/\/cdnoticias.com\/index.php\/wp-json\/wp\/v2\/posts"}],"about":[{"href":"https:\/\/cdnoticias.com\/index.php\/wp-json\/wp\/v2\/types\/post"}],"author":[{"embeddable":true,"href":"https:\/\/cdnoticias.com\/index.php\/wp-json\/wp\/v2\/users\/5"}],"replies":[{"embeddable":true,"href":"https:\/\/cdnoticias.com\/index.php\/wp-json\/wp\/v2\/comments?post=96574"}],"version-history":[{"count":0,"href":"https:\/\/cdnoticias.com\/index.php\/wp-json\/wp\/v2\/posts\/96574\/revisions"}],"wp:featuredmedia":[{"embeddable":true,"href":"https:\/\/cdnoticias.com\/index.php\/wp-json\/wp\/v2\/media\/96575"}],"wp:attachment":[{"href":"https:\/\/cdnoticias.com\/index.php\/wp-json\/wp\/v2\/media?parent=96574"}],"wp:term":[{"taxonomy":"category","embeddable":true,"href":"https:\/\/cdnoticias.com\/index.php\/wp-json\/wp\/v2\/categories?post=96574"},{"taxonomy":"post_tag","embeddable":true,"href":"https:\/\/cdnoticias.com\/index.php\/wp-json\/wp\/v2\/tags?post=96574"}],"curies":[{"name":"wp","href":"https:\/\/api.w.org\/{rel}","templated":true}]}}