{"id":9657,"date":"2020-12-22T16:35:18","date_gmt":"2020-12-22T19:35:18","guid":{"rendered":"http:\/\/www.centraldenoticias.com.ar\/?p=9657"},"modified":"2020-12-22T17:48:58","modified_gmt":"2020-12-22T20:48:58","slug":"productores-locales-llevaran-a-cabo-un-verdurazo-en-el-paseo-jesus-mendia","status":"publish","type":"post","link":"https:\/\/cdnoticias.com\/index.php\/2020\/12\/22\/productores-locales-llevaran-a-cabo-un-verdurazo-en-el-paseo-jesus-mendia\/","title":{"rendered":"Productores locales llevar\u00e1n a cabo un \u201cverdurazo\u201d en el Paseo Jes\u00fas Mend\u00eda"},"content":{"rendered":"<p>Ser\u00e1 en reclamo de medidas de apoyo por los da\u00f1os por el temporal, organizado desde el MTE Rural en conjunto con la Uni\u00f3n de Trabajadores de la Tierra. Los detalles.<!--more--><\/p>\n<hr \/>\n<p><strong>En la ma\u00f1ana de este mi\u00e9rcoles productores y productoras locales llevar\u00e1n adelante un \u201cverdurazo\u201d que tendr\u00e1 como escenario el Paseo Jes\u00fas Mend\u00eda<\/strong>. Ser\u00e1 en reclamo de medidas de apoyo y asistencia por parte del Municipio para poder reparar los da\u00f1os ocasionados por el <a href=\"https:\/\/cdnoticias.com\/index.php\/2020\/12\/19\/voladuras-y-destrozos-fotos-y-videos-del-temporal-de-viento-en-olavarria\/\" target=\"_blank\" rel=\"noopener\">temporal de viento del pasado fin de semana<\/a>. Inclusive, tambi\u00e9n se aludi\u00f3 que a\u00fan aguardan soluciones tras un <a href=\"https:\/\/cdnoticias.com\/index.php\/2020\/10\/19\/se-volaron-al-menos-seis-techos-con-la-tormenta-de-fuertes-vientos\/\" target=\"_blank\" rel=\"noopener\">evento clim\u00e1tico que se registr\u00f3 a mediados de octubre<\/a>.<\/p>\n<p>&nbsp;<\/p>\n<p>Todo <strong>ser\u00e1 a partir de las 10, en una iniciativa llevada adelante por productores y productoras del sector hort\u00edcola local nucleados en el MTE Rural (Movimiento de Trabajadores Excluidos), en conjunto con la Uni\u00f3n de Trabajadores de la Tierra<\/strong>. Seg\u00fan se enfatiz\u00f3, la medida ser\u00e1 \u201cexigiendo al gobierno municipal que atienda de forma urgente los da\u00f1os provocados por los \u00faltimos dos temporales 18\/10 y 18\/12\u201d.<\/p>\n<p>&nbsp;<\/p>\n<p><img data-recalc-dims=\"1\" loading=\"lazy\" decoding=\"async\" class=\"alignnone size-large wp-image-9662\" src=\"https:\/\/i0.wp.com\/cdnoticias.com\/wp-content\/uploads\/2020\/12\/IMG_20201019_100253_521.jpg?resize=800%2C600&#038;ssl=1\" alt=\"\" width=\"800\" height=\"600\" srcset=\"https:\/\/i0.wp.com\/cdnoticias.com\/wp-content\/uploads\/2020\/12\/IMG_20201019_100253_521.jpg?resize=1024%2C768&amp;ssl=1 1024w, https:\/\/i0.wp.com\/cdnoticias.com\/wp-content\/uploads\/2020\/12\/IMG_20201019_100253_521.jpg?resize=300%2C225&amp;ssl=1 300w, https:\/\/i0.wp.com\/cdnoticias.com\/wp-content\/uploads\/2020\/12\/IMG_20201019_100253_521.jpg?resize=768%2C576&amp;ssl=1 768w, https:\/\/i0.wp.com\/cdnoticias.com\/wp-content\/uploads\/2020\/12\/IMG_20201019_100253_521.jpg?w=1600&amp;ssl=1 1600w, https:\/\/i0.wp.com\/cdnoticias.com\/wp-content\/uploads\/2020\/12\/IMG_20201019_100253_521.jpg?w=2400&amp;ssl=1 2400w\" sizes=\"auto, (max-width: 800px) 100vw, 800px\" \/><\/p>\n<p>&nbsp;<\/p>\n<p><strong>\u201cEstos han provocado desastres en nuestras quintas arruinando nuestra producci\u00f3n y econom\u00eda\u201d<\/strong>, se a\u00f1adi\u00f3, para luego agregar que \u201chemos sido completamente invisibilizados, siendo que nosotros <strong>somos quienes producimos los alimentos frescos que abastecen las mesas de los olavarrienses\u201d.<\/strong><\/p>\n<p>&nbsp;<\/p>\n<p>En ese sentido se precis\u00f3 que le exigen al municipio la entrega de materiales, \u201c<strong>principalmente nylon para reparar invernaderos destrozados por las fuertes r\u00e1fagas de viento y la creaci\u00f3n de un banco de insumos destinado para la reposici\u00f3n de los mismos en futuros temporales\u201d.<\/strong><\/p>\n<p>&nbsp;<\/p>\n<p><img data-recalc-dims=\"1\" loading=\"lazy\" decoding=\"async\" class=\"alignnone size-large wp-image-9659\" src=\"https:\/\/i0.wp.com\/cdnoticias.com\/wp-content\/uploads\/2020\/12\/IMG_20201019_103408_969.jpg?resize=800%2C600&#038;ssl=1\" alt=\"\" width=\"800\" height=\"600\" srcset=\"https:\/\/i0.wp.com\/cdnoticias.com\/wp-content\/uploads\/2020\/12\/IMG_20201019_103408_969.jpg?resize=1024%2C768&amp;ssl=1 1024w, https:\/\/i0.wp.com\/cdnoticias.com\/wp-content\/uploads\/2020\/12\/IMG_20201019_103408_969.jpg?resize=300%2C225&amp;ssl=1 300w, https:\/\/i0.wp.com\/cdnoticias.com\/wp-content\/uploads\/2020\/12\/IMG_20201019_103408_969.jpg?resize=768%2C576&amp;ssl=1 768w, https:\/\/i0.wp.com\/cdnoticias.com\/wp-content\/uploads\/2020\/12\/IMG_20201019_103408_969.jpg?w=1600&amp;ssl=1 1600w, https:\/\/i0.wp.com\/cdnoticias.com\/wp-content\/uploads\/2020\/12\/IMG_20201019_103408_969.jpg?w=2400&amp;ssl=1 2400w\" sizes=\"auto, (max-width: 800px) 100vw, 800px\" \/><\/p>\n<p>&nbsp;<\/p>\n<p><strong>\u201cVamos a estar reglando bolsas de verdura para quienes m\u00e1s lo necesitan\u201d<\/strong>, se enfatiz\u00f3. \u201cInvitamos a toda la ciudadan\u00eda a pasar por la plaza a conocer el trabajo que hacemos\u201d, agregaron llamando a la comunidad no s\u00f3lo a tomar parte, sino hacerlo cuidando las medidas sanitarias por la pandemia. Es por ello que <strong>se pidi\u00f3 concurrir con barbijo y respetar el distanciamiento social.<\/strong><\/p>\n<p>&nbsp;<\/p>\n<p><strong>\u201cSomos el Otro Campo, el Campo que alimenta y no especula. Por un mundo sin Excluidos, TIERRA TECHO Y TRABAJO\u201d<\/strong>, finalizaron.<\/p>\n","protected":false},"excerpt":{"rendered":"<p>Ser\u00e1 en reclamo de medidas de apoyo por los da\u00f1os por el temporal, organizado desde el MTE Rural en conjunto<\/p>\n","protected":false},"author":3,"featured_media":9660,"comment_status":"closed","ping_status":"closed","sticky":false,"template":"","format":"standard","meta":{"_jetpack_memberships_contains_paid_content":false,"footnotes":""},"categories":[5,1],"tags":[],"class_list":["post-9657","post","type-post","status-publish","format-standard","has-post-thumbnail","hentry","category-informacion-general","category-portada"],"jetpack_featured_media_url":"https:\/\/i0.wp.com\/cdnoticias.com\/wp-content\/uploads\/2020\/12\/IMG_20201019_101737_432.jpg?fit=4160%2C3120&ssl=1","jetpack_sharing_enabled":true,"_links":{"self":[{"href":"https:\/\/cdnoticias.com\/index.php\/wp-json\/wp\/v2\/posts\/9657","targetHints":{"allow":["GET"]}}],"collection":[{"href":"https:\/\/cdnoticias.com\/index.php\/wp-json\/wp\/v2\/posts"}],"about":[{"href":"https:\/\/cdnoticias.com\/index.php\/wp-json\/wp\/v2\/types\/post"}],"author":[{"embeddable":true,"href":"https:\/\/cdnoticias.com\/index.php\/wp-json\/wp\/v2\/users\/3"}],"replies":[{"embeddable":true,"href":"https:\/\/cdnoticias.com\/index.php\/wp-json\/wp\/v2\/comments?post=9657"}],"version-history":[{"count":0,"href":"https:\/\/cdnoticias.com\/index.php\/wp-json\/wp\/v2\/posts\/9657\/revisions"}],"wp:featuredmedia":[{"embeddable":true,"href":"https:\/\/cdnoticias.com\/index.php\/wp-json\/wp\/v2\/media\/9660"}],"wp:attachment":[{"href":"https:\/\/cdnoticias.com\/index.php\/wp-json\/wp\/v2\/media?parent=9657"}],"wp:term":[{"taxonomy":"category","embeddable":true,"href":"https:\/\/cdnoticias.com\/index.php\/wp-json\/wp\/v2\/categories?post=9657"},{"taxonomy":"post_tag","embeddable":true,"href":"https:\/\/cdnoticias.com\/index.php\/wp-json\/wp\/v2\/tags?post=9657"}],"curies":[{"name":"wp","href":"https:\/\/api.w.org\/{rel}","templated":true}]}}