{"id":96491,"date":"2023-09-16T16:25:12","date_gmt":"2023-09-16T19:25:12","guid":{"rendered":"https:\/\/www.centraldenoticias.com.ar\/?p=96491"},"modified":"2023-09-16T16:25:12","modified_gmt":"2023-09-16T19:25:12","slug":"anteultima-jornada-de-libros-en-olavarria","status":"publish","type":"post","link":"https:\/\/cdnoticias.com\/index.php\/2023\/09\/16\/anteultima-jornada-de-libros-en-olavarria\/","title":{"rendered":"Ante\u00faltima jornada de Libros en Olavarr\u00eda"},"content":{"rendered":"<p>Este s\u00e1bado se realizar\u00e1n distintas presentaciones en el marco de la edici\u00f3n n\u00famero 27 de la Muestra.<!--more--><\/p>\n<hr \/>\n<p>Para este s\u00e1bado la programaci\u00f3n incluye actividades para adolescentes y adultos, talleres, narraciones, mesa de escritores locales, presentaciones de libros en clave de <strong>f\u00fatbol y salud.<\/strong><\/p>\n<p>&nbsp;<\/p>\n<p>Tambi\u00e9n habr\u00e1 melod\u00edas para disfrutar para la hora del cierre con la actuaci\u00f3n del grupo <strong>\u201cDos + Uno\u201d.<\/strong><\/p>\n<p>&nbsp;<\/p>\n<p>Se recuerda que \u201cLibros en Olavarr\u00eda\u201d 2023 se llevar\u00e1 a cabo hasta el domingo 17 de septiembre. Cada d\u00eda, en horas de la tarde, quienes visiten la exposici\u00f3n podr\u00e1n disfrutar de m\u00faltiples y diversas propuestas: talleres, charlas, actividades, m\u00fasica. Figuras locales, regionales y nacionales, se dar\u00e1n cita en esta 27\u00b0 edici\u00f3n de la Muestra. <strong>Entrada libre y gratuita.<\/strong><\/p>\n<p>&nbsp;<\/p>\n<h2>Programa<\/h2>\n<p>&nbsp;<\/p>\n<p>15 horas: El Cuaderno Azul: actividad masiva de escritura para adolescentes y adultos. (Auditorio).<\/p>\n<p>15 horas: Taller de susurros. Organizado por la Escuela Municipal Literaria \u201cAlfonsina\u201d (inscripci\u00f3n previa: 2284-203083)<\/p>\n<p>15:30 horas: Narraci\u00f3n a cargo de Ver\u00f3nica \u00c1lvarez Rivera (patio)<\/p>\n<p>17 horas: Narraci\u00f3n a cargo de Ver\u00f3nica \u00c1lvarez Rivera (patio)<\/p>\n<p>17 horas: Mesa escritores locales integrada por: Paula Tolosa, Adriana Abad\u00ede y Romina Peroni. Modera: Rodrigo Fern\u00e1ndez. (Auditorio)<\/p>\n<p>17:30 horas: Mesa escritores locales integrada por: Mar\u00eda Palmira Gamondi, Gustavo Gil y Olga Eyler Elizalde. Modera: Marcela Guerci. (Sala 2)<\/p>\n<p>18 horas: Presentaci\u00f3n del libro \u201cLas viudas de Kafka\u201d de Gustavo Ciuffo y los t\u00edtulos de autores de la colecci\u00f3n Cuento de Del Altillo (Auditorio)<\/p>\n<p>18:30 horas: Pablo Alabarces presenta su libro \u201cEl f\u00fatbol en Am\u00e9rica Latina\u201d a trav\u00e9s de FACSO. (Sala 2)<\/p>\n<p>19 horas: Graciela Ramos presenta su libro \u201cLas tejedoras de ilusiones\u201d. (Auditorio)<\/p>\n<p>20 horas: Martin Vi\u00f1uales presenta su libro \u201cLa comida como aliada\u201d. (Auditorio)<\/p>\n<p>20 horas: Marcelo \u201cCholo\u201d Sottile realizar\u00e1 una charla contando su experiencia al escribir \u201cMessi. El Distinto\u201d. (Sala 2)<\/p>\n<p>21 horas: Cierre musical a cargo del grupo \u201cDos + Uno\u201d. (Sala 2)<\/p>\n","protected":false},"excerpt":{"rendered":"<p>Este s\u00e1bado se realizar\u00e1n distintas presentaciones en el marco de la edici\u00f3n n\u00famero 27 de la Muestra.<\/p>\n","protected":false},"author":5,"featured_media":96036,"comment_status":"closed","ping_status":"closed","sticky":false,"template":"","format":"standard","meta":{"_jetpack_memberships_contains_paid_content":false,"footnotes":""},"categories":[9,1],"tags":[],"class_list":["post-96491","post","type-post","status-publish","format-standard","has-post-thumbnail","hentry","category-cultura","category-portada"],"jetpack_featured_media_url":"https:\/\/i0.wp.com\/cdnoticias.com\/wp-content\/uploads\/2023\/09\/libros-en-olavarria-05.jpg?fit=800%2C445&ssl=1","jetpack_sharing_enabled":true,"_links":{"self":[{"href":"https:\/\/cdnoticias.com\/index.php\/wp-json\/wp\/v2\/posts\/96491","targetHints":{"allow":["GET"]}}],"collection":[{"href":"https:\/\/cdnoticias.com\/index.php\/wp-json\/wp\/v2\/posts"}],"about":[{"href":"https:\/\/cdnoticias.com\/index.php\/wp-json\/wp\/v2\/types\/post"}],"author":[{"embeddable":true,"href":"https:\/\/cdnoticias.com\/index.php\/wp-json\/wp\/v2\/users\/5"}],"replies":[{"embeddable":true,"href":"https:\/\/cdnoticias.com\/index.php\/wp-json\/wp\/v2\/comments?post=96491"}],"version-history":[{"count":0,"href":"https:\/\/cdnoticias.com\/index.php\/wp-json\/wp\/v2\/posts\/96491\/revisions"}],"wp:featuredmedia":[{"embeddable":true,"href":"https:\/\/cdnoticias.com\/index.php\/wp-json\/wp\/v2\/media\/96036"}],"wp:attachment":[{"href":"https:\/\/cdnoticias.com\/index.php\/wp-json\/wp\/v2\/media?parent=96491"}],"wp:term":[{"taxonomy":"category","embeddable":true,"href":"https:\/\/cdnoticias.com\/index.php\/wp-json\/wp\/v2\/categories?post=96491"},{"taxonomy":"post_tag","embeddable":true,"href":"https:\/\/cdnoticias.com\/index.php\/wp-json\/wp\/v2\/tags?post=96491"}],"curies":[{"name":"wp","href":"https:\/\/api.w.org\/{rel}","templated":true}]}}