{"id":96463,"date":"2023-09-16T14:35:13","date_gmt":"2023-09-16T17:35:13","guid":{"rendered":"https:\/\/www.centraldenoticias.com.ar\/?p=96463"},"modified":"2023-09-16T14:35:13","modified_gmt":"2023-09-16T17:35:13","slug":"grindetti-contra-kicillof-por-una-cuestion-politica-mezquina-esta-jorobando-a-los-vecinos","status":"publish","type":"post","link":"https:\/\/cdnoticias.com\/index.php\/2023\/09\/16\/grindetti-contra-kicillof-por-una-cuestion-politica-mezquina-esta-jorobando-a-los-vecinos\/","title":{"rendered":"Grindetti contra Kicillof: \u201cPor una cuesti\u00f3n pol\u00edtica, mezquina, est\u00e1 jorobando a los vecinos\u201d"},"content":{"rendered":"<p>El candidato a gobernador habl\u00f3 de la deuda que la Provincia mantiene con municipios de Juntos por el Cambio. \u201cEspero no tener que judicializarlo\u201d dijo. Estim\u00f3 que son m\u00e1s de 10 mil millones.<\/p>\n<p><!--more--><\/p>\n<hr \/>\n<p>En los \u00faltimos d\u00edas,<strong> los intendentes de Juntos por el Cambio insistieron en el reclamo de los fondos que la Provincia<\/strong> <a href=\"https:\/\/cdnoticias.com\/index.php\/2023\/09\/07\/galli-y-los-intendentes-de-juntos-por-el-cambio-pidieron-una-reunion-urgente-con-kicillof\/\" target=\"_blank\" rel=\"noopener\">adeuda a sus municipios<\/a> y entre ellos, el jefe comunal de La Plata, Julio Garro, no descart\u00f3<strong> avanzar con una presentaci\u00f3n judicial<\/strong>. Por ese tema fue consultado <strong>N\u00e9stor Grindetti, el candidato a gobernador<\/strong> de ese sector -adem\u00e1s de intendente de Lan\u00fas- y quien <a href=\"https:\/\/cdnoticias.com\/index.php\/2023\/09\/16\/massa-hace-como-ministro-y-promete-como-presidente-que-va-a-hacer-lo-contrario-a-lo-que-esta-haciendo\/\" target=\"_blank\" rel=\"noopener\">estuvo en Olavarr\u00eda junto a Patricia Bullrich<\/a>.<\/p>\n<p>&nbsp;<\/p>\n<p><strong>\u201cEspero no tener que judicializarlo<\/strong>, es un incumplimiento muy concreto de parte de la Provincia de convenios que est\u00e1n firmados. En el caso concreto de Lan\u00fas son 500 millones de pesos, pero al sistema de todos los intendentes de Juntos yo creo que<strong> son arriba de 10.000 millones de pesos que est\u00e1n vencidos<\/strong> y si esto sigue as\u00ed <strong>se van a parar las obras<\/strong>\u201d expres\u00f3.<\/p>\n<p>&nbsp;<\/p>\n<p><img data-recalc-dims=\"1\" loading=\"lazy\" decoding=\"async\" class=\"size-full wp-image-96459 aligncenter\" src=\"https:\/\/i0.wp.com\/cdnoticias.com\/wp-content\/uploads\/2023\/09\/patricia-bullrich-ezequiel-galli-grindetti-00.jpg?resize=800%2C445&#038;ssl=1\" alt=\"\" width=\"800\" height=\"445\" srcset=\"https:\/\/i0.wp.com\/cdnoticias.com\/wp-content\/uploads\/2023\/09\/patricia-bullrich-ezequiel-galli-grindetti-00.jpg?w=800&amp;ssl=1 800w, https:\/\/i0.wp.com\/cdnoticias.com\/wp-content\/uploads\/2023\/09\/patricia-bullrich-ezequiel-galli-grindetti-00.jpg?resize=300%2C167&amp;ssl=1 300w, https:\/\/i0.wp.com\/cdnoticias.com\/wp-content\/uploads\/2023\/09\/patricia-bullrich-ezequiel-galli-grindetti-00.jpg?resize=768%2C427&amp;ssl=1 768w\" sizes=\"auto, (max-width: 800px) 100vw, 800px\" \/><\/p>\n<p>&nbsp;<\/p>\n<blockquote><p>Grindetti sigui\u00f3: \u201cEntonces, lo que el gobernador pretende que es -no s\u00e9 por qu\u00e9- castigar a los intendentes porque somos oposici\u00f3n, lo que est\u00e1 haciendo es jorobar a los vecinos porque las obras se van a parar. Y con este nivel de inflaci\u00f3n si las obras se paran nunca m\u00e1s van a poder comenzar porque va a haber que renovar los contratos\u201d.<\/p><\/blockquote>\n<p>&nbsp;<\/p>\n<p>\u201cEs una irresponsabilidad tremenda lo que est\u00e1 haciendo el gobernador. <strong>Por una cuesti\u00f3n pol\u00edtica, mezquina, est\u00e1 jorobando a los vecinos\u201d<\/strong> enfatiz\u00f3 Grindetti.<\/p>\n<p>&nbsp;<\/p>\n<p><img data-recalc-dims=\"1\" loading=\"lazy\" decoding=\"async\" class=\"size-full wp-image-96456 aligncenter\" src=\"https:\/\/i0.wp.com\/cdnoticias.com\/wp-content\/uploads\/2023\/09\/nestor-grindetti-01.jpg?resize=800%2C444&#038;ssl=1\" alt=\"\" width=\"800\" height=\"444\" srcset=\"https:\/\/i0.wp.com\/cdnoticias.com\/wp-content\/uploads\/2023\/09\/nestor-grindetti-01.jpg?w=800&amp;ssl=1 800w, https:\/\/i0.wp.com\/cdnoticias.com\/wp-content\/uploads\/2023\/09\/nestor-grindetti-01.jpg?resize=300%2C167&amp;ssl=1 300w, https:\/\/i0.wp.com\/cdnoticias.com\/wp-content\/uploads\/2023\/09\/nestor-grindetti-01.jpg?resize=768%2C426&amp;ssl=1 768w\" sizes=\"auto, (max-width: 800px) 100vw, 800px\" \/><\/p>\n","protected":false},"excerpt":{"rendered":"<p>El candidato a gobernador habl\u00f3 de la deuda que la Provincia mantiene con municipios de Juntos por el Cambio. \u201cEspero<\/p>\n","protected":false},"author":4,"featured_media":96455,"comment_status":"closed","ping_status":"closed","sticky":false,"template":"","format":"standard","meta":{"_jetpack_memberships_contains_paid_content":false,"footnotes":""},"categories":[4,1],"tags":[],"class_list":["post-96463","post","type-post","status-publish","format-standard","has-post-thumbnail","hentry","category-politica","category-portada"],"jetpack_featured_media_url":"https:\/\/i0.wp.com\/cdnoticias.com\/wp-content\/uploads\/2023\/09\/nestor-grindetti-00.jpg?fit=800%2C445&ssl=1","jetpack_sharing_enabled":true,"_links":{"self":[{"href":"https:\/\/cdnoticias.com\/index.php\/wp-json\/wp\/v2\/posts\/96463","targetHints":{"allow":["GET"]}}],"collection":[{"href":"https:\/\/cdnoticias.com\/index.php\/wp-json\/wp\/v2\/posts"}],"about":[{"href":"https:\/\/cdnoticias.com\/index.php\/wp-json\/wp\/v2\/types\/post"}],"author":[{"embeddable":true,"href":"https:\/\/cdnoticias.com\/index.php\/wp-json\/wp\/v2\/users\/4"}],"replies":[{"embeddable":true,"href":"https:\/\/cdnoticias.com\/index.php\/wp-json\/wp\/v2\/comments?post=96463"}],"version-history":[{"count":0,"href":"https:\/\/cdnoticias.com\/index.php\/wp-json\/wp\/v2\/posts\/96463\/revisions"}],"wp:featuredmedia":[{"embeddable":true,"href":"https:\/\/cdnoticias.com\/index.php\/wp-json\/wp\/v2\/media\/96455"}],"wp:attachment":[{"href":"https:\/\/cdnoticias.com\/index.php\/wp-json\/wp\/v2\/media?parent=96463"}],"wp:term":[{"taxonomy":"category","embeddable":true,"href":"https:\/\/cdnoticias.com\/index.php\/wp-json\/wp\/v2\/categories?post=96463"},{"taxonomy":"post_tag","embeddable":true,"href":"https:\/\/cdnoticias.com\/index.php\/wp-json\/wp\/v2\/tags?post=96463"}],"curies":[{"name":"wp","href":"https:\/\/api.w.org\/{rel}","templated":true}]}}