{"id":96435,"date":"2023-09-16T17:41:22","date_gmt":"2023-09-16T20:41:22","guid":{"rendered":"https:\/\/www.centraldenoticias.com.ar\/?p=96435"},"modified":"2023-09-16T17:41:22","modified_gmt":"2023-09-16T20:41:22","slug":"rosina-el-gozo-de-escribir-de-daniel-lovano-cangemi","status":"publish","type":"post","link":"https:\/\/cdnoticias.com\/index.php\/2023\/09\/16\/rosina-el-gozo-de-escribir-de-daniel-lovano-cangemi\/","title":{"rendered":"\u201cRosina\u201d, el gozo de escribir de Daniel Lovano Cangemi"},"content":{"rendered":"<p>El periodista y escritor present\u00f3 su \u00faltimo libro, una novela que es la historia de su familia y de la inmigraci\u00f3n del siglo pasado. Sal\u00f3n colmado en la Sociedad Italiana.<\/p>\n<p><!--more--><\/p>\n<hr \/>\n<p><strong>\u201cFue un gozo permanente haber escrito esta historia\u201d<\/strong> defini\u00f3 Daniel Lovano Cangemi. As\u00ed present\u00f3 su \u00faltimo libro, editado por delaltillo, <strong>\u201cRosina\u201d<\/strong> que narra la historia de su familia con una mujer inmigrante, su abuela, como protagonista.<\/p>\n<p>&nbsp;<\/p>\n<p>En el <strong>sal\u00f3n de la Sociedad Italiana<\/strong>, que estuvo <strong>colmado de p\u00fablico<\/strong>, se llev\u00f3 adelante este viernes por la noche la presentaci\u00f3n.<\/p>\n<p>&nbsp;<\/p>\n<p><img data-recalc-dims=\"1\" loading=\"lazy\" decoding=\"async\" class=\"size-full wp-image-96438 aligncenter\" src=\"https:\/\/i0.wp.com\/cdnoticias.com\/wp-content\/uploads\/2023\/09\/daniel-lovano-libro-02.jpg?resize=800%2C445&#038;ssl=1\" alt=\"\" width=\"800\" height=\"445\" srcset=\"https:\/\/i0.wp.com\/cdnoticias.com\/wp-content\/uploads\/2023\/09\/daniel-lovano-libro-02.jpg?w=800&amp;ssl=1 800w, https:\/\/i0.wp.com\/cdnoticias.com\/wp-content\/uploads\/2023\/09\/daniel-lovano-libro-02.jpg?resize=300%2C167&amp;ssl=1 300w, https:\/\/i0.wp.com\/cdnoticias.com\/wp-content\/uploads\/2023\/09\/daniel-lovano-libro-02.jpg?resize=768%2C427&amp;ssl=1 768w\" sizes=\"auto, (max-width: 800px) 100vw, 800px\" \/><\/p>\n<p><img data-recalc-dims=\"1\" loading=\"lazy\" decoding=\"async\" class=\"size-full wp-image-96440 aligncenter\" src=\"https:\/\/i0.wp.com\/cdnoticias.com\/wp-content\/uploads\/2023\/09\/daniel-lovano-libro-04.jpg?resize=800%2C445&#038;ssl=1\" alt=\"\" width=\"800\" height=\"445\" srcset=\"https:\/\/i0.wp.com\/cdnoticias.com\/wp-content\/uploads\/2023\/09\/daniel-lovano-libro-04.jpg?w=800&amp;ssl=1 800w, https:\/\/i0.wp.com\/cdnoticias.com\/wp-content\/uploads\/2023\/09\/daniel-lovano-libro-04.jpg?resize=300%2C167&amp;ssl=1 300w, https:\/\/i0.wp.com\/cdnoticias.com\/wp-content\/uploads\/2023\/09\/daniel-lovano-libro-04.jpg?resize=768%2C427&amp;ssl=1 768w\" sizes=\"auto, (max-width: 800px) 100vw, 800px\" \/><\/p>\n<p>&nbsp;<\/p>\n<p>Las<strong> entrevistas<\/strong> con sus familiares y su propia memoria, se complementaron con una <strong>labor de investigaci\u00f3n hist\u00f3rica<\/strong> que derivaron en un minucioso relato, tan personal como el de millones de personas que inmigraron desde Europa a Am\u00e9rica en las primeras d\u00e9cadas del siglo pasado. <strong>\u201cFue un proceso de reconstrucci\u00f3n con baches\u201d<\/strong> explic\u00f3 el periodista su trabajo.<\/p>\n<p>&nbsp;<\/p>\n<blockquote><p>\u201cRosina fue una mujer incre\u00edblemente valiente y corajuda. La sigo amando\u201d dijo Daniel sobre la protagonista de una historia de dolores y p\u00e9rdidas. Aunque se cuid\u00f3 de no dar muchos detalles del contenido de la obra, los trazos que le dieron forma a la historia s\u00ed se comentaron. Atravesada por las dos Guerras Mundiales, Rosina viaj\u00f3 entre Italia y Argentina, y as\u00ed conoci\u00f3 el amor, la mezquindad, la tragedia, el desarraigo y la resiliencia. \u201cSu dolorosa historia, su vida sacrificada, termin\u00f3 transformada en una existencia feliz\u201d dej\u00f3 saber el autor.<\/p><\/blockquote>\n<p>&nbsp;<\/p>\n<p><img data-recalc-dims=\"1\" loading=\"lazy\" decoding=\"async\" class=\"size-full wp-image-96439 aligncenter\" src=\"https:\/\/i0.wp.com\/cdnoticias.com\/wp-content\/uploads\/2023\/09\/daniel-lovano-libro-03.jpg?resize=800%2C445&#038;ssl=1\" alt=\"\" width=\"800\" height=\"445\" srcset=\"https:\/\/i0.wp.com\/cdnoticias.com\/wp-content\/uploads\/2023\/09\/daniel-lovano-libro-03.jpg?w=800&amp;ssl=1 800w, https:\/\/i0.wp.com\/cdnoticias.com\/wp-content\/uploads\/2023\/09\/daniel-lovano-libro-03.jpg?resize=300%2C167&amp;ssl=1 300w, https:\/\/i0.wp.com\/cdnoticias.com\/wp-content\/uploads\/2023\/09\/daniel-lovano-libro-03.jpg?resize=768%2C427&amp;ssl=1 768w\" sizes=\"auto, (max-width: 800px) 100vw, 800px\" \/><\/p>\n<p><img data-recalc-dims=\"1\" loading=\"lazy\" decoding=\"async\" class=\"size-full wp-image-96437 aligncenter\" src=\"https:\/\/i0.wp.com\/cdnoticias.com\/wp-content\/uploads\/2023\/09\/daniel-lovano-libro-01.jpg?resize=800%2C445&#038;ssl=1\" alt=\"\" width=\"800\" height=\"445\" srcset=\"https:\/\/i0.wp.com\/cdnoticias.com\/wp-content\/uploads\/2023\/09\/daniel-lovano-libro-01.jpg?w=800&amp;ssl=1 800w, https:\/\/i0.wp.com\/cdnoticias.com\/wp-content\/uploads\/2023\/09\/daniel-lovano-libro-01.jpg?resize=300%2C167&amp;ssl=1 300w, https:\/\/i0.wp.com\/cdnoticias.com\/wp-content\/uploads\/2023\/09\/daniel-lovano-libro-01.jpg?resize=768%2C427&amp;ssl=1 768w\" sizes=\"auto, (max-width: 800px) 100vw, 800px\" \/><\/p>\n<p>&nbsp;<\/p>\n<p>En la presentaci\u00f3n, Daniel estuvo acompa\u00f1ado por el periodista Mart\u00edn Rodr\u00edguez. Miguel Scalchi por la Sociedad Italiana y Alicia Mog\u00e1vero por la Asociaci\u00f3n de Sicilianos, dieron la bienvenida en la apertura. Adem\u00e1s interpretaron distintos temas en italiano el Coro Tricolore de Amicci y Lula Gonz\u00e1lez.<\/p>\n<p>&nbsp;<\/p>\n","protected":false},"excerpt":{"rendered":"<p>El periodista y escritor present\u00f3 su \u00faltimo libro, una novela que es la historia de su familia y de la<\/p>\n","protected":false},"author":4,"featured_media":96436,"comment_status":"closed","ping_status":"closed","sticky":false,"template":"","format":"standard","meta":{"_jetpack_memberships_contains_paid_content":false,"footnotes":""},"categories":[9,1],"tags":[],"class_list":["post-96435","post","type-post","status-publish","format-standard","has-post-thumbnail","hentry","category-cultura","category-portada"],"jetpack_featured_media_url":"https:\/\/i0.wp.com\/cdnoticias.com\/wp-content\/uploads\/2023\/09\/daniel-lovano-libro-00.jpg?fit=800%2C445&ssl=1","jetpack_sharing_enabled":true,"_links":{"self":[{"href":"https:\/\/cdnoticias.com\/index.php\/wp-json\/wp\/v2\/posts\/96435","targetHints":{"allow":["GET"]}}],"collection":[{"href":"https:\/\/cdnoticias.com\/index.php\/wp-json\/wp\/v2\/posts"}],"about":[{"href":"https:\/\/cdnoticias.com\/index.php\/wp-json\/wp\/v2\/types\/post"}],"author":[{"embeddable":true,"href":"https:\/\/cdnoticias.com\/index.php\/wp-json\/wp\/v2\/users\/4"}],"replies":[{"embeddable":true,"href":"https:\/\/cdnoticias.com\/index.php\/wp-json\/wp\/v2\/comments?post=96435"}],"version-history":[{"count":0,"href":"https:\/\/cdnoticias.com\/index.php\/wp-json\/wp\/v2\/posts\/96435\/revisions"}],"wp:featuredmedia":[{"embeddable":true,"href":"https:\/\/cdnoticias.com\/index.php\/wp-json\/wp\/v2\/media\/96436"}],"wp:attachment":[{"href":"https:\/\/cdnoticias.com\/index.php\/wp-json\/wp\/v2\/media?parent=96435"}],"wp:term":[{"taxonomy":"category","embeddable":true,"href":"https:\/\/cdnoticias.com\/index.php\/wp-json\/wp\/v2\/categories?post=96435"},{"taxonomy":"post_tag","embeddable":true,"href":"https:\/\/cdnoticias.com\/index.php\/wp-json\/wp\/v2\/tags?post=96435"}],"curies":[{"name":"wp","href":"https:\/\/api.w.org\/{rel}","templated":true}]}}