{"id":96430,"date":"2023-09-15T22:18:02","date_gmt":"2023-09-16T01:18:02","guid":{"rendered":"https:\/\/www.centraldenoticias.com.ar\/?p=96430"},"modified":"2023-09-15T22:18:02","modified_gmt":"2023-09-16T01:18:02","slug":"un-ciclista-herido-en-barrio-pueblo-nuevo","status":"publish","type":"post","link":"https:\/\/cdnoticias.com\/index.php\/2023\/09\/15\/un-ciclista-herido-en-barrio-pueblo-nuevo\/","title":{"rendered":"Un ciclista herido en barrio Pueblo Nuevo"},"content":{"rendered":"<p>Un siniestro vial se registr\u00f3 pasadas las 20 de este viernes. Impactaron una bicicleta y una camioneta.<\/p>\n<p><!--more--><\/p>\n<hr \/>\n<p><strong>Un ciclista<\/strong> result\u00f3 <strong>herido<\/strong> en un siniestro vial en el <strong>barrio Pueblo Nuevo<\/strong>.<\/p>\n<p>&nbsp;<\/p>\n<p>Ocurri\u00f3 pasadas las 20 de este viernes en el cruce de <strong>Chacabuco y Necochea<\/strong> donde impactaron <strong>una bicicleta y una camioneta Citroen Berlingo<\/strong>.<\/p>\n<p>&nbsp;<\/p>\n<p>El ciclista, un joven de 20 a\u00f1os, fue <strong>derivado al Hospital Municipal<\/strong>. Se estableci\u00f3 que sufri\u00f3 <strong>una lesi\u00f3n en uno de sus brazos<\/strong>.<\/p>\n<p>&nbsp;<\/p>\n<p><img data-recalc-dims=\"1\" loading=\"lazy\" decoding=\"async\" class=\"size-full wp-image-96431 aligncenter\" src=\"https:\/\/i0.wp.com\/cdnoticias.com\/wp-content\/uploads\/2023\/09\/choque-necochea-y-chacabuco-0.jpg?resize=800%2C445&#038;ssl=1\" alt=\"\" width=\"800\" height=\"445\" srcset=\"https:\/\/i0.wp.com\/cdnoticias.com\/wp-content\/uploads\/2023\/09\/choque-necochea-y-chacabuco-0.jpg?w=800&amp;ssl=1 800w, https:\/\/i0.wp.com\/cdnoticias.com\/wp-content\/uploads\/2023\/09\/choque-necochea-y-chacabuco-0.jpg?resize=300%2C167&amp;ssl=1 300w, https:\/\/i0.wp.com\/cdnoticias.com\/wp-content\/uploads\/2023\/09\/choque-necochea-y-chacabuco-0.jpg?resize=768%2C427&amp;ssl=1 768w\" sizes=\"auto, (max-width: 800px) 100vw, 800px\" \/><\/p>\n<p><img data-recalc-dims=\"1\" loading=\"lazy\" decoding=\"async\" class=\"size-full wp-image-96433 aligncenter\" src=\"https:\/\/i0.wp.com\/cdnoticias.com\/wp-content\/uploads\/2023\/09\/choque-necochea-y-chacabuco-2.jpg?resize=800%2C445&#038;ssl=1\" alt=\"\" width=\"800\" height=\"445\" srcset=\"https:\/\/i0.wp.com\/cdnoticias.com\/wp-content\/uploads\/2023\/09\/choque-necochea-y-chacabuco-2.jpg?w=800&amp;ssl=1 800w, https:\/\/i0.wp.com\/cdnoticias.com\/wp-content\/uploads\/2023\/09\/choque-necochea-y-chacabuco-2.jpg?resize=300%2C167&amp;ssl=1 300w, https:\/\/i0.wp.com\/cdnoticias.com\/wp-content\/uploads\/2023\/09\/choque-necochea-y-chacabuco-2.jpg?resize=768%2C427&amp;ssl=1 768w\" sizes=\"auto, (max-width: 800px) 100vw, 800px\" \/><\/p>\n<p>&nbsp;<\/p>\n","protected":false},"excerpt":{"rendered":"<p>Un siniestro vial se registr\u00f3 pasadas las 20 de este viernes. Impactaron una bicicleta y una camioneta.<\/p>\n","protected":false},"author":4,"featured_media":96432,"comment_status":"closed","ping_status":"closed","sticky":false,"template":"","format":"standard","meta":{"_jetpack_memberships_contains_paid_content":false,"footnotes":""},"categories":[14,1],"tags":[],"class_list":["post-96430","post","type-post","status-publish","format-standard","has-post-thumbnail","hentry","category-policiales","category-portada"],"jetpack_featured_media_url":"https:\/\/i0.wp.com\/cdnoticias.com\/wp-content\/uploads\/2023\/09\/choque-necochea-y-chacabuco-1.jpg?fit=800%2C445&ssl=1","jetpack_sharing_enabled":true,"_links":{"self":[{"href":"https:\/\/cdnoticias.com\/index.php\/wp-json\/wp\/v2\/posts\/96430","targetHints":{"allow":["GET"]}}],"collection":[{"href":"https:\/\/cdnoticias.com\/index.php\/wp-json\/wp\/v2\/posts"}],"about":[{"href":"https:\/\/cdnoticias.com\/index.php\/wp-json\/wp\/v2\/types\/post"}],"author":[{"embeddable":true,"href":"https:\/\/cdnoticias.com\/index.php\/wp-json\/wp\/v2\/users\/4"}],"replies":[{"embeddable":true,"href":"https:\/\/cdnoticias.com\/index.php\/wp-json\/wp\/v2\/comments?post=96430"}],"version-history":[{"count":0,"href":"https:\/\/cdnoticias.com\/index.php\/wp-json\/wp\/v2\/posts\/96430\/revisions"}],"wp:featuredmedia":[{"embeddable":true,"href":"https:\/\/cdnoticias.com\/index.php\/wp-json\/wp\/v2\/media\/96432"}],"wp:attachment":[{"href":"https:\/\/cdnoticias.com\/index.php\/wp-json\/wp\/v2\/media?parent=96430"}],"wp:term":[{"taxonomy":"category","embeddable":true,"href":"https:\/\/cdnoticias.com\/index.php\/wp-json\/wp\/v2\/categories?post=96430"},{"taxonomy":"post_tag","embeddable":true,"href":"https:\/\/cdnoticias.com\/index.php\/wp-json\/wp\/v2\/tags?post=96430"}],"curies":[{"name":"wp","href":"https:\/\/api.w.org\/{rel}","templated":true}]}}