{"id":96413,"date":"2023-09-16T11:57:02","date_gmt":"2023-09-16T14:57:02","guid":{"rendered":"https:\/\/www.centraldenoticias.com.ar\/?p=96413"},"modified":"2023-09-16T14:09:55","modified_gmt":"2023-09-16T17:09:55","slug":"tda-tras-una-falla-electrica-se-reanudo-su-funcionamiento","status":"publish","type":"post","link":"https:\/\/cdnoticias.com\/index.php\/2023\/09\/16\/tda-tras-una-falla-electrica-se-reanudo-su-funcionamiento\/","title":{"rendered":"TDA: tras una falla el\u00e9ctrica, se reanud\u00f3 su funcionamiento"},"content":{"rendered":"<p>Hubo decenas de quejas de olavarrienses que visualizaban contenidos por la Televisi\u00f3n Digital Abierta hasta que una tormenta gener\u00f3 inconvenientes. Ya est\u00e1 reestablecido. <!--more--><\/p>\n<hr \/>\n<p>Luego de varios d\u00edas sin novedades, <strong>finalmente la Televisi\u00f3n Digital Abierta (TDA) volvi\u00f3 a reestablecer su servicio y funciona con normalidad en Olavarr\u00eda.<\/strong><\/p>\n<p>&nbsp;<\/p>\n<p>Cabe se\u00f1alar qu<strong>e comenz\u00f3 a tener inconvenientes desde la tormenta de inicios de la semana, que gener\u00f3 varios da\u00f1os en la antena ubicada en nuestra ciudad y que gener\u00f3 el apag\u00f3n del servicio.<\/strong><\/p>\n<p>&nbsp;<\/p>\n<blockquote><p>Esto gener\u00f3 decenas de quejas de vecinos que disfrutaban del servicio que permite ver 16 se\u00f1ales de televisi\u00f3n de forma gratuita, solo con contar con una antena y algunos Smart TV, ni siquiera la necesitan.<\/p><\/blockquote>\n<p>&nbsp;<\/p>\n<p>Tras varias consultas,<strong> se conoci\u00f3 que el problema finalmente estuvo en la instalaci\u00f3n el\u00e9ctrica de la antena ubicada en Pueyrred\u00f3n y Ruta 60, y luego de los \u00faltimos trabajos el servicio se reestableci\u00f3 este viernes en horas del mediod\u00eda en la totalidad de las se\u00f1ales.<\/strong><\/p>\n<p>&nbsp;<\/p>\n<p>Tal es as\u00ed, que en <strong>la p\u00e1gina de Arsat la estaci\u00f3n de Olavarr\u00eda figura como \u201cOperativa\u201d.<\/strong> Es decir, funcionando con total normalidad.<\/p>\n","protected":false},"excerpt":{"rendered":"<p>Hubo decenas de quejas de olavarrienses que visualizaban contenidos por la Televisi\u00f3n Digital Abierta hasta que una tormenta gener\u00f3 inconvenientes.<\/p>\n","protected":false},"author":5,"featured_media":96414,"comment_status":"closed","ping_status":"closed","sticky":false,"template":"","format":"standard","meta":{"_jetpack_memberships_contains_paid_content":false,"footnotes":""},"categories":[5,1],"tags":[],"class_list":["post-96413","post","type-post","status-publish","format-standard","has-post-thumbnail","hentry","category-informacion-general","category-portada"],"jetpack_featured_media_url":"https:\/\/i0.wp.com\/cdnoticias.com\/wp-content\/uploads\/2023\/09\/wp-1664222856291.jpg?fit=1078%2C607&ssl=1","jetpack_sharing_enabled":true,"_links":{"self":[{"href":"https:\/\/cdnoticias.com\/index.php\/wp-json\/wp\/v2\/posts\/96413","targetHints":{"allow":["GET"]}}],"collection":[{"href":"https:\/\/cdnoticias.com\/index.php\/wp-json\/wp\/v2\/posts"}],"about":[{"href":"https:\/\/cdnoticias.com\/index.php\/wp-json\/wp\/v2\/types\/post"}],"author":[{"embeddable":true,"href":"https:\/\/cdnoticias.com\/index.php\/wp-json\/wp\/v2\/users\/5"}],"replies":[{"embeddable":true,"href":"https:\/\/cdnoticias.com\/index.php\/wp-json\/wp\/v2\/comments?post=96413"}],"version-history":[{"count":0,"href":"https:\/\/cdnoticias.com\/index.php\/wp-json\/wp\/v2\/posts\/96413\/revisions"}],"wp:featuredmedia":[{"embeddable":true,"href":"https:\/\/cdnoticias.com\/index.php\/wp-json\/wp\/v2\/media\/96414"}],"wp:attachment":[{"href":"https:\/\/cdnoticias.com\/index.php\/wp-json\/wp\/v2\/media?parent=96413"}],"wp:term":[{"taxonomy":"category","embeddable":true,"href":"https:\/\/cdnoticias.com\/index.php\/wp-json\/wp\/v2\/categories?post=96413"},{"taxonomy":"post_tag","embeddable":true,"href":"https:\/\/cdnoticias.com\/index.php\/wp-json\/wp\/v2\/tags?post=96413"}],"curies":[{"name":"wp","href":"https:\/\/api.w.org\/{rel}","templated":true}]}}