{"id":9628,"date":"2020-12-22T12:45:09","date_gmt":"2020-12-22T15:45:09","guid":{"rendered":"http:\/\/www.centraldenoticias.com.ar\/?p=9628"},"modified":"2020-12-22T16:35:40","modified_gmt":"2020-12-22T19:35:40","slug":"con-una-carrera-que-gano-galli-quedo-inaugurada-la-pista-de-atletismo","status":"publish","type":"post","link":"https:\/\/cdnoticias.com\/index.php\/2020\/12\/22\/con-una-carrera-que-gano-galli-quedo-inaugurada-la-pista-de-atletismo\/","title":{"rendered":"Con una carrera que gan\u00f3 Galli, qued\u00f3 inaugurada la pista de atletismo"},"content":{"rendered":"<p>La obra municipal se hab\u00eda iniciado el a\u00f1o pasado en el Parque Avellaneda. Despu\u00e9s de las formalidades, hubo carreras de j\u00f3venes atletas y hasta de funcionarios municipales.<!--more--><\/p>\n<hr \/>\n<p><strong>En la ma\u00f1ana de este martes qued\u00f3 inaugurada la pista de atletismo en el parque Avellaneda<\/strong>. Fue con corte de cintas, un acto formal que encabez\u00f3 el intendente Ezequiel Galli y, luego, competencias de j\u00f3venes atletas y <strong>hasta una carrera de los funcionarios municipales<\/strong>. <strong>\u201cLa gente elegir\u00e1 el nombre de la pista\u201d dijo Galli.<\/strong><\/p>\n<p>La obra municipal, iniciada en agosto de 2019, <strong>cuenta con 8 andaribeles individuales de 1.22 metros y 400 metros de longitud<\/strong>. Se instalaron bordillos de confinamientos perimetrales interiores y exteriores para lograr un \u201cacabado perfecto, sim\u00e9trico y sumamente preciso, ya que son los que permiten la homologaci\u00f3n y certificaci\u00f3n de la pista\u201d se detall\u00f3 el a\u00f1o pasado al anunciar el comienzo de los trabajos para la obra.<\/p>\n<p><img data-recalc-dims=\"1\" loading=\"lazy\" decoding=\"async\" class=\"aligncenter wp-image-9631 size-large\" src=\"https:\/\/i0.wp.com\/cdnoticias.com\/wp-content\/uploads\/2020\/12\/pista-de-atletismo-10.jpeg?resize=800%2C600&#038;ssl=1\" alt=\"\" width=\"800\" height=\"600\" srcset=\"https:\/\/i0.wp.com\/cdnoticias.com\/wp-content\/uploads\/2020\/12\/pista-de-atletismo-10.jpeg?resize=1024%2C768&amp;ssl=1 1024w, https:\/\/i0.wp.com\/cdnoticias.com\/wp-content\/uploads\/2020\/12\/pista-de-atletismo-10.jpeg?resize=300%2C225&amp;ssl=1 300w, https:\/\/i0.wp.com\/cdnoticias.com\/wp-content\/uploads\/2020\/12\/pista-de-atletismo-10.jpeg?resize=768%2C576&amp;ssl=1 768w, https:\/\/i0.wp.com\/cdnoticias.com\/wp-content\/uploads\/2020\/12\/pista-de-atletismo-10.jpeg?w=1152&amp;ssl=1 1152w\" sizes=\"auto, (max-width: 800px) 100vw, 800px\" \/><\/p>\n<p>La ubicaci\u00f3n, en la zona de Avellaneda y Pellegrini, se defini\u00f3 por <strong>\u201clas condiciones de accesibilidad al predio\u201d<\/strong>.<\/p>\n<p>En la inauguraci\u00f3n estuvieron, adem\u00e1s del jefe comunal, los secretarios municipales Hilario Galli, Diego Robbiani, Julio Ferraro y Julio Valetutto; el subsecretario de Deportes, Juan Agust\u00edn Galli, y la subsecretaria de Desarrollo Social, Silvana Rosales. Tambi\u00e9n asistieron directivos de entidades deportivas locales, incluyendo el C\u00edrculo de Atletas (CAVO).<\/p>\n<p>El acto comenz\u00f3 con la entonaci\u00f3n del himno nacional y luego el corte de cintas. A continuaci\u00f3n, las palabras de Ezequiel Galli, quien hizo hincapi\u00e9 en que esta pista fue una <strong>\u201cpromesa de la campa\u00f1a de 2015\u201d<\/strong> cuando fue electo intendente por primera vez.<\/p>\n<p><img data-recalc-dims=\"1\" loading=\"lazy\" decoding=\"async\" class=\"alignnone wp-image-9634 size-large\" src=\"https:\/\/i0.wp.com\/cdnoticias.com\/wp-content\/uploads\/2020\/12\/pista-de-atletismo-6.jpeg?resize=800%2C600&#038;ssl=1\" alt=\"\" width=\"800\" height=\"600\" srcset=\"https:\/\/i0.wp.com\/cdnoticias.com\/wp-content\/uploads\/2020\/12\/pista-de-atletismo-6.jpeg?resize=1024%2C768&amp;ssl=1 1024w, https:\/\/i0.wp.com\/cdnoticias.com\/wp-content\/uploads\/2020\/12\/pista-de-atletismo-6.jpeg?resize=300%2C225&amp;ssl=1 300w, https:\/\/i0.wp.com\/cdnoticias.com\/wp-content\/uploads\/2020\/12\/pista-de-atletismo-6.jpeg?resize=768%2C576&amp;ssl=1 768w, https:\/\/i0.wp.com\/cdnoticias.com\/wp-content\/uploads\/2020\/12\/pista-de-atletismo-6.jpeg?w=1152&amp;ssl=1 1152w\" sizes=\"auto, (max-width: 800px) 100vw, 800px\" \/><\/p>\n<p>Tambi\u00e9n reconoci\u00f3 que la obra \u201cllev\u00f3 mucho tiempo, pero lo tuvimos como prioridad\u201d al definir que en su gesti\u00f3n, <strong>\u201cel deporte es una pol\u00edtica de estado\u201d<\/strong>.<\/p>\n<p>Galli contextualiz\u00f3 su proyecto para el deporte al se\u00f1alar que la pista <strong>\u201ces la primera etapa del Centro Deportivo municipal\u201d<\/strong> y adelant\u00f3 que la siguiente etapa ser\u00e1 la construcci\u00f3n de los vestuarios.<\/p>\n<blockquote><p>\u201cOjal\u00e1 el d\u00eda de ma\u00f1ana pasemos por avenida Avellaneda y veamos esto lleno de deportistas. Es una muestra a la comunidad de que las cosas se pueden hacer\u201d sostuvo.<\/p><\/blockquote>\n<p>Luego se dio a conocer que habr\u00e1 un <strong>\u201cproceso de participaci\u00f3n comunitaria\u201d para elegir el nombre de la pista<\/strong>.<\/p>\n<p><img data-recalc-dims=\"1\" loading=\"lazy\" decoding=\"async\" class=\"aligncenter wp-image-9633 size-large\" src=\"https:\/\/i0.wp.com\/cdnoticias.com\/wp-content\/uploads\/2020\/12\/pista-de-atletismo-2.jpeg?resize=800%2C600&#038;ssl=1\" alt=\"\" width=\"800\" height=\"600\" srcset=\"https:\/\/i0.wp.com\/cdnoticias.com\/wp-content\/uploads\/2020\/12\/pista-de-atletismo-2.jpeg?resize=1024%2C768&amp;ssl=1 1024w, https:\/\/i0.wp.com\/cdnoticias.com\/wp-content\/uploads\/2020\/12\/pista-de-atletismo-2.jpeg?resize=300%2C225&amp;ssl=1 300w, https:\/\/i0.wp.com\/cdnoticias.com\/wp-content\/uploads\/2020\/12\/pista-de-atletismo-2.jpeg?resize=768%2C576&amp;ssl=1 768w, https:\/\/i0.wp.com\/cdnoticias.com\/wp-content\/uploads\/2020\/12\/pista-de-atletismo-2.jpeg?w=1152&amp;ssl=1 1152w\" sizes=\"auto, (max-width: 800px) 100vw, 800px\" \/><\/p>\n<p>Despu\u00e9s de las formalidades, <strong>se dio paso a las competencias de las que participaron j\u00f3venes atletas<\/strong> a quienes al cierre, les regalaron pedazos de la cinta de inauguraci\u00f3n.<\/p>\n<p>&nbsp;<\/p>\n<div class=\"jetpack-video-wrapper\"><iframe loading=\"lazy\" width=\"800\" height=\"450\" src=\"https:\/\/www.youtube.com\/embed\/vwARqRM-7Tk?feature=oembed\" frameborder=\"0\" allow=\"accelerometer; autoplay; clipboard-write; encrypted-media; gyroscope; picture-in-picture\" allowfullscreen><\/iframe><\/div>\n<p>&nbsp;<\/p>\n<p>Por \u00faltimo, <strong>los funcionarios municipales e invitados al acto tambi\u00e9n quisieron probar la pista y corrieron una vuelta: gan\u00f3 Ezequiel Galli y detr\u00e1s, Diego Robbiani<\/strong>.<\/p>\n<p><img data-recalc-dims=\"1\" loading=\"lazy\" decoding=\"async\" class=\"aligncenter wp-image-9630 size-large\" src=\"https:\/\/i0.wp.com\/cdnoticias.com\/wp-content\/uploads\/2020\/12\/pista-de-atletismo-8.jpeg?resize=800%2C600&#038;ssl=1\" alt=\"\" width=\"800\" height=\"600\" srcset=\"https:\/\/i0.wp.com\/cdnoticias.com\/wp-content\/uploads\/2020\/12\/pista-de-atletismo-8.jpeg?resize=1024%2C768&amp;ssl=1 1024w, https:\/\/i0.wp.com\/cdnoticias.com\/wp-content\/uploads\/2020\/12\/pista-de-atletismo-8.jpeg?resize=300%2C225&amp;ssl=1 300w, https:\/\/i0.wp.com\/cdnoticias.com\/wp-content\/uploads\/2020\/12\/pista-de-atletismo-8.jpeg?resize=768%2C576&amp;ssl=1 768w, https:\/\/i0.wp.com\/cdnoticias.com\/wp-content\/uploads\/2020\/12\/pista-de-atletismo-8.jpeg?w=1152&amp;ssl=1 1152w\" sizes=\"auto, (max-width: 800px) 100vw, 800px\" \/><\/p>\n","protected":false},"excerpt":{"rendered":"<p>La obra municipal se hab\u00eda iniciado el a\u00f1o pasado en el Parque Avellaneda. Despu\u00e9s de las formalidades, hubo carreras de<\/p>\n","protected":false},"author":4,"featured_media":9632,"comment_status":"closed","ping_status":"closed","sticky":false,"template":"","format":"standard","meta":{"_jetpack_memberships_contains_paid_content":false,"footnotes":""},"categories":[5,1],"tags":[],"class_list":["post-9628","post","type-post","status-publish","format-standard","has-post-thumbnail","hentry","category-informacion-general","category-portada"],"jetpack_featured_media_url":"https:\/\/i0.wp.com\/cdnoticias.com\/wp-content\/uploads\/2020\/12\/pista-de-atletismo-13.jpeg?fit=1152%2C864&ssl=1","jetpack_sharing_enabled":true,"_links":{"self":[{"href":"https:\/\/cdnoticias.com\/index.php\/wp-json\/wp\/v2\/posts\/9628","targetHints":{"allow":["GET"]}}],"collection":[{"href":"https:\/\/cdnoticias.com\/index.php\/wp-json\/wp\/v2\/posts"}],"about":[{"href":"https:\/\/cdnoticias.com\/index.php\/wp-json\/wp\/v2\/types\/post"}],"author":[{"embeddable":true,"href":"https:\/\/cdnoticias.com\/index.php\/wp-json\/wp\/v2\/users\/4"}],"replies":[{"embeddable":true,"href":"https:\/\/cdnoticias.com\/index.php\/wp-json\/wp\/v2\/comments?post=9628"}],"version-history":[{"count":0,"href":"https:\/\/cdnoticias.com\/index.php\/wp-json\/wp\/v2\/posts\/9628\/revisions"}],"wp:featuredmedia":[{"embeddable":true,"href":"https:\/\/cdnoticias.com\/index.php\/wp-json\/wp\/v2\/media\/9632"}],"wp:attachment":[{"href":"https:\/\/cdnoticias.com\/index.php\/wp-json\/wp\/v2\/media?parent=9628"}],"wp:term":[{"taxonomy":"category","embeddable":true,"href":"https:\/\/cdnoticias.com\/index.php\/wp-json\/wp\/v2\/categories?post=9628"},{"taxonomy":"post_tag","embeddable":true,"href":"https:\/\/cdnoticias.com\/index.php\/wp-json\/wp\/v2\/tags?post=9628"}],"curies":[{"name":"wp","href":"https:\/\/api.w.org\/{rel}","templated":true}]}}