{"id":9619,"date":"2020-12-22T12:43:33","date_gmt":"2020-12-22T15:43:33","guid":{"rendered":"http:\/\/www.centraldenoticias.com.ar\/?p=9619"},"modified":"2020-12-22T12:43:33","modified_gmt":"2020-12-22T15:43:33","slug":"ya-esta-en-remodelacion-la-oficina-para-la-delegacion-olavarria-de-la-cnrt","status":"publish","type":"post","link":"https:\/\/cdnoticias.com\/index.php\/2020\/12\/22\/ya-esta-en-remodelacion-la-oficina-para-la-delegacion-olavarria-de-la-cnrt\/","title":{"rendered":"Ya est\u00e1 en remodelaci\u00f3n la oficina para la delegaci\u00f3n Olavarr\u00eda de la CNRT"},"content":{"rendered":"<p>El Concejo Deliberante convalid\u00f3 el acuerdo para la instalaci\u00f3n del organismo en Olavarr\u00eda. Eduardo Rodr\u00edguez hizo hincapi\u00e9 en que \u201cva a tener a su cargo el control de la supervisaci\u00f3n del transporte de jurisdicci\u00f3n nacional en toda la regi\u00f3n\u201d.<!--more--><\/p>\n<hr \/>\n<p><strong>El Concejo Deliberante convalid\u00f3 el acuerdo entre el Municipio y la Comisi\u00f3n Nacional del Regulaci\u00f3n del Transporte (CNRT) <\/strong>para la instalaci\u00f3n de una<a href=\"https:\/\/cdnoticias.com\/index.php\/2020\/10\/02\/habra-oficina-local-de-la-comision-nacional-de-regulacion-de-transporte\/\" target=\"_blank\" rel=\"noopener\"> delegaci\u00f3n regional en Olavarr\u00eda<\/a><strong>.<\/strong><\/p>\n<p><strong>Eduardo Rodr\u00edguez<\/strong> (Frente de Todos) expuso sobre el tema en la<a href=\"https:\/\/cdnoticias.com\/index.php\/2020\/12\/21\/presupuesto-2021-con-tension-se-aprobo-por-mayoria\/\" target=\"_blank\" rel=\"noopener\"> sesi\u00f3n extraordinaria<\/a> del lunes donde<strong> destac\u00f3 la celeridad de las gestiones<\/strong> para se\u00f1alar que \u201cpas\u00f3 menos de un mes\u201d desde la firma del convenio entre el director ejecutivo del organismo nacional, Jos\u00e9 Arteaga, y el intendente Ezequiel Galli para la puesta en marcha de las medidas de apertura.<\/p>\n<p>\u201cCelebro la decisi\u00f3n del gobierno nacional y del ministro (de Transporte) Mario Meoni de tomar como sede a Olavarr\u00eda de <strong>una de las dos delegaciones de la CNRT que se van a habilitar en la provincia<\/strong>\u201d dijo.<\/p>\n<p><img data-recalc-dims=\"1\" loading=\"lazy\" decoding=\"async\" class=\"aligncenter wp-image-9537 size-large\" src=\"https:\/\/i0.wp.com\/cdnoticias.com\/wp-content\/uploads\/2020\/12\/hcd-presupuesto2021-15.jpg?resize=800%2C586&#038;ssl=1\" alt=\"\" width=\"800\" height=\"586\" srcset=\"https:\/\/i0.wp.com\/cdnoticias.com\/wp-content\/uploads\/2020\/12\/hcd-presupuesto2021-15.jpg?resize=1024%2C750&amp;ssl=1 1024w, https:\/\/i0.wp.com\/cdnoticias.com\/wp-content\/uploads\/2020\/12\/hcd-presupuesto2021-15.jpg?resize=300%2C220&amp;ssl=1 300w, https:\/\/i0.wp.com\/cdnoticias.com\/wp-content\/uploads\/2020\/12\/hcd-presupuesto2021-15.jpg?resize=768%2C563&amp;ssl=1 768w, https:\/\/i0.wp.com\/cdnoticias.com\/wp-content\/uploads\/2020\/12\/hcd-presupuesto2021-15.jpg?w=1280&amp;ssl=1 1280w\" sizes=\"auto, (max-width: 800px) 100vw, 800px\" \/><\/p>\n<p>La sede regional de la CNRT <strong>funcionar\u00e1 en la planta alta de la Terminal<\/strong>. La oficina ya est\u00e1 en remodelaci\u00f3n y el personal que se desempe\u00f1ar\u00e1 -que ya fue designado- realiza actualmente una capacitaci\u00f3n, tanto presencial como virtual. \u201cEn los pr\u00f3ximos d\u00edas habr\u00e1 una inauguraci\u00f3n oficial\u201d adelant\u00f3 Rodr\u00edguez.<\/p>\n<blockquote><p>Resalt\u00f3 la \u201cimportancia del organismo en Olavarr\u00eda puesto que va a ser una subdelegaci\u00f3n regional que va a tener a su cargo el control de la supervisaci\u00f3n del transporte no s\u00f3lo de carga y de pasajeros, tanto en camiones como ferroviario, de lo que sea jurisdicci\u00f3n nacional en toda la regi\u00f3n\u201d.<\/p><\/blockquote>\n<p>En este sentido, el concejal de Foro Olavarr\u00eda se\u00f1al\u00f3 que el alcance ser\u00e1n los <strong>corredores de las rutas nacionales 3 y 226 \u201ccon el control del transporte de cargas y pasajeros hacia el sur y el oeste del pa\u00eds\u201d<\/strong>.<\/p>\n<p>\u201cCelebro la decisi\u00f3n del gobierno nacional de articular como corresponde con el Municipio, destaco la predisposici\u00f3n del intendente en la materia. Va a servirle a los usuarios del transporte p\u00fablico de pasajeros y de carga para el <strong>control y la supervisaci\u00f3n de la calidad del servicio en Olavarr\u00eda<\/strong>\u201d destac\u00f3 Eduardo Rodr\u00edguez en el cierre.<\/p>\n<p>La convalidaci\u00f3n del convenio fue aprobada por unanimidad.<\/p>\n","protected":false},"excerpt":{"rendered":"<p>El Concejo Deliberante convalid\u00f3 el acuerdo para la instalaci\u00f3n del organismo en Olavarr\u00eda. Eduardo Rodr\u00edguez hizo hincapi\u00e9 en que \u201cva<\/p>\n","protected":false},"author":4,"featured_media":7884,"comment_status":"closed","ping_status":"closed","sticky":false,"template":"","format":"standard","meta":{"_jetpack_memberships_contains_paid_content":false,"footnotes":""},"categories":[5,1],"tags":[],"class_list":["post-9619","post","type-post","status-publish","format-standard","has-post-thumbnail","hentry","category-informacion-general","category-portada"],"jetpack_featured_media_url":"https:\/\/i0.wp.com\/cdnoticias.com\/wp-content\/uploads\/2020\/12\/terminal01.jpg?fit=1133%2C632&ssl=1","jetpack_sharing_enabled":true,"_links":{"self":[{"href":"https:\/\/cdnoticias.com\/index.php\/wp-json\/wp\/v2\/posts\/9619","targetHints":{"allow":["GET"]}}],"collection":[{"href":"https:\/\/cdnoticias.com\/index.php\/wp-json\/wp\/v2\/posts"}],"about":[{"href":"https:\/\/cdnoticias.com\/index.php\/wp-json\/wp\/v2\/types\/post"}],"author":[{"embeddable":true,"href":"https:\/\/cdnoticias.com\/index.php\/wp-json\/wp\/v2\/users\/4"}],"replies":[{"embeddable":true,"href":"https:\/\/cdnoticias.com\/index.php\/wp-json\/wp\/v2\/comments?post=9619"}],"version-history":[{"count":0,"href":"https:\/\/cdnoticias.com\/index.php\/wp-json\/wp\/v2\/posts\/9619\/revisions"}],"wp:featuredmedia":[{"embeddable":true,"href":"https:\/\/cdnoticias.com\/index.php\/wp-json\/wp\/v2\/media\/7884"}],"wp:attachment":[{"href":"https:\/\/cdnoticias.com\/index.php\/wp-json\/wp\/v2\/media?parent=9619"}],"wp:term":[{"taxonomy":"category","embeddable":true,"href":"https:\/\/cdnoticias.com\/index.php\/wp-json\/wp\/v2\/categories?post=9619"},{"taxonomy":"post_tag","embeddable":true,"href":"https:\/\/cdnoticias.com\/index.php\/wp-json\/wp\/v2\/tags?post=9619"}],"curies":[{"name":"wp","href":"https:\/\/api.w.org\/{rel}","templated":true}]}}