{"id":96146,"date":"2023-09-14T20:35:01","date_gmt":"2023-09-14T23:35:01","guid":{"rendered":"https:\/\/www.centraldenoticias.com.ar\/?p=96146"},"modified":"2023-09-15T08:13:37","modified_gmt":"2023-09-15T11:13:37","slug":"entregaran-arboles-para-mejorar-el-arbolado-urbano-de-olavarria","status":"publish","type":"post","link":"https:\/\/cdnoticias.com\/index.php\/2023\/09\/14\/entregaran-arboles-para-mejorar-el-arbolado-urbano-de-olavarria\/","title":{"rendered":"Entregar\u00e1n \u00e1rboles para mejorar el arbolado urbano de Olavarr\u00eda"},"content":{"rendered":"<p>A partir de la gesti\u00f3n de Maximiliano Wesner, las familias de Olavarr\u00eda podr\u00e1n inscribirse para recibir \u00e1rboles para sus veredas provistos por el Ministerio de Desarrollo Agrario bonaerense.<!--more--><\/p>\n<hr \/>\n<p>Con el objetivo de fomentar la planificaci\u00f3n y promoci\u00f3n de la plantaci\u00f3n de arbolado urbano en Olavarr\u00eda, <strong>Maximiliano Wesner coordin\u00f3 junto al Ministerio de Desarrollo Agrario de la Provincia de Buenos Aires la entrega de \u00e1rboles a las familias que lo soliciten para plantar en su domicilio.<\/strong><\/p>\n<p>&nbsp;<\/p>\n<p><em>&#8220;Olavarr\u00eda es un Partido que tiene una gran deficiencia en cuanto al arbolado urbano, su cuidado y planificaci\u00f3n. Es algo que sostenemos hace mucho tiempo y que creemos es necesario abordar de forma urgente. Hace pocos d\u00edas hicimos algunas entregas y nos escribe mucha gente por eso abrimos una nueva inscripci\u00f3n\u201d,<\/em> asegur\u00f3 el candidato.<\/p>\n<p>&nbsp;<\/p>\n<blockquote><p>A partir de esta iniciativa se entregar\u00e1 a los vecinos de Olavarr\u00eda ejemplares de fresno rojo y cresp\u00f3n, especies recomendadas para colocar en el frente de los domicilios.<\/p><\/blockquote>\n<p>&nbsp;<\/p>\n<p><strong><em>&#8220;Juntos debemos buscar una ciudad m\u00e1s amigable y resiliente. Durante los \u00faltimos a\u00f1os no ha existido una planificaci\u00f3n del arbolado de Olavarr\u00eda y sus localidades&#8221;<\/em><\/strong>, remarc\u00f3 Wesner.<\/p>\n<p>&nbsp;<\/p>\n<p>Los interesados en recibir un \u00e1rbol en forma gratuita <a href=\"https:\/\/docs.google.com\/forms\/d\/1KxNOA7QWiSFyz1ghlEvqWhnbLA8KP8T5s5qIZSdLNIw\/viewform\" target=\"_blank\" rel=\"noopener\">deber\u00e1n llenar el siguiente formulario online.<\/a><strong> Se entregar\u00e1 un solo ejemplar por familia y habr\u00e1 cupos limitados.<\/strong><\/p>\n<p>&nbsp;<\/p>\n<p>&nbsp;<\/p>\n","protected":false},"excerpt":{"rendered":"<p>A partir de la gesti\u00f3n de Maximiliano Wesner, las familias de Olavarr\u00eda podr\u00e1n inscribirse para recibir \u00e1rboles para sus veredas<\/p>\n","protected":false},"author":4,"featured_media":95841,"comment_status":"closed","ping_status":"closed","sticky":false,"template":"","format":"standard","meta":{"_jetpack_memberships_contains_paid_content":false,"footnotes":""},"categories":[5,1],"tags":[],"class_list":["post-96146","post","type-post","status-publish","format-standard","has-post-thumbnail","hentry","category-informacion-general","category-portada"],"jetpack_featured_media_url":"https:\/\/i0.wp.com\/cdnoticias.com\/wp-content\/uploads\/2023\/09\/Imagen-de-WhatsApp-2023-09-12-a-las-15.09.19.jpg?fit=1286%2C851&ssl=1","jetpack_sharing_enabled":true,"_links":{"self":[{"href":"https:\/\/cdnoticias.com\/index.php\/wp-json\/wp\/v2\/posts\/96146","targetHints":{"allow":["GET"]}}],"collection":[{"href":"https:\/\/cdnoticias.com\/index.php\/wp-json\/wp\/v2\/posts"}],"about":[{"href":"https:\/\/cdnoticias.com\/index.php\/wp-json\/wp\/v2\/types\/post"}],"author":[{"embeddable":true,"href":"https:\/\/cdnoticias.com\/index.php\/wp-json\/wp\/v2\/users\/4"}],"replies":[{"embeddable":true,"href":"https:\/\/cdnoticias.com\/index.php\/wp-json\/wp\/v2\/comments?post=96146"}],"version-history":[{"count":0,"href":"https:\/\/cdnoticias.com\/index.php\/wp-json\/wp\/v2\/posts\/96146\/revisions"}],"wp:featuredmedia":[{"embeddable":true,"href":"https:\/\/cdnoticias.com\/index.php\/wp-json\/wp\/v2\/media\/95841"}],"wp:attachment":[{"href":"https:\/\/cdnoticias.com\/index.php\/wp-json\/wp\/v2\/media?parent=96146"}],"wp:term":[{"taxonomy":"category","embeddable":true,"href":"https:\/\/cdnoticias.com\/index.php\/wp-json\/wp\/v2\/categories?post=96146"},{"taxonomy":"post_tag","embeddable":true,"href":"https:\/\/cdnoticias.com\/index.php\/wp-json\/wp\/v2\/tags?post=96146"}],"curies":[{"name":"wp","href":"https:\/\/api.w.org\/{rel}","templated":true}]}}