{"id":96118,"date":"2023-09-14T19:56:23","date_gmt":"2023-09-14T22:56:23","guid":{"rendered":"https:\/\/www.centraldenoticias.com.ar\/?p=96118"},"modified":"2023-09-14T20:35:13","modified_gmt":"2023-09-14T23:35:13","slug":"intento-robarle-a-un-hombre-lo-atraparon-y-agredio-a-la-policia","status":"publish","type":"post","link":"https:\/\/cdnoticias.com\/index.php\/2023\/09\/14\/intento-robarle-a-un-hombre-lo-atraparon-y-agredio-a-la-policia\/","title":{"rendered":"Intent\u00f3 robarle a un hombre, lo atraparon y agredi\u00f3 a la polic\u00eda"},"content":{"rendered":"<p>El hecho ocurri\u00f3 este jueves en Santa Fe y P\u00e9rez Esquivel. Se caratul\u00f3 como &#8220;tentativa de robo agravado y resistencia a la autoridad&#8221;.<!--more--><\/p>\n<hr \/>\n<p>Este jueves personal policial realiz\u00f3 un operativo en avenida La Rioja y avenida Avellaneda cuando <b>observaron a un hombre en bicicleta que era perseguido por una camioneta. Este \u00faltimo conductor, expres\u00f3 que le hab\u00edan querido robar.<\/b><\/p>\n<p>&nbsp;<\/p>\n<p>Ante esta situaci\u00f3n, el personal intercept\u00f3 al hombre que se transportaba en bicicleta, quien <strong>intent\u00f3 golpear a los polic\u00edas <\/strong>por lo que fue <strong>aprehendido.\u00a0<\/strong><\/p>\n<p>&nbsp;<\/p>\n<p><img data-recalc-dims=\"1\" loading=\"lazy\" decoding=\"async\" class=\"aligncenter wp-image-96122 size-large\" src=\"https:\/\/i0.wp.com\/cdnoticias.com\/wp-content\/uploads\/2023\/09\/policial-agradio-policia-robo-2.jpeg?resize=800%2C601&#038;ssl=1\" alt=\"\" width=\"800\" height=\"601\" srcset=\"https:\/\/i0.wp.com\/cdnoticias.com\/wp-content\/uploads\/2023\/09\/policial-agradio-policia-robo-2.jpeg?resize=1024%2C769&amp;ssl=1 1024w, https:\/\/i0.wp.com\/cdnoticias.com\/wp-content\/uploads\/2023\/09\/policial-agradio-policia-robo-2.jpeg?resize=300%2C225&amp;ssl=1 300w, https:\/\/i0.wp.com\/cdnoticias.com\/wp-content\/uploads\/2023\/09\/policial-agradio-policia-robo-2.jpeg?resize=768%2C577&amp;ssl=1 768w, https:\/\/i0.wp.com\/cdnoticias.com\/wp-content\/uploads\/2023\/09\/policial-agradio-policia-robo-2.jpeg?resize=1536%2C1153&amp;ssl=1 1536w, https:\/\/i0.wp.com\/cdnoticias.com\/wp-content\/uploads\/2023\/09\/policial-agradio-policia-robo-2.jpeg?w=1598&amp;ssl=1 1598w\" sizes=\"auto, (max-width: 800px) 100vw, 800px\" \/><\/p>\n<p>&nbsp;<\/p>\n<p>El hecho se caratul\u00f3 como <strong>&#8220;tentativa de robo agravado y resistencia a la autoridad&#8221;<\/strong> e interviene la UFI N\u00ba7 a cargo del doctor Christian Urlezaga.<\/p>\n","protected":false},"excerpt":{"rendered":"<p>El hecho ocurri\u00f3 este jueves en Santa Fe y P\u00e9rez Esquivel. Se caratul\u00f3 como &#8220;tentativa de robo agravado y resistencia<\/p>\n","protected":false},"author":6,"featured_media":96121,"comment_status":"closed","ping_status":"closed","sticky":false,"template":"","format":"standard","meta":{"_jetpack_memberships_contains_paid_content":false,"footnotes":""},"categories":[14,1],"tags":[],"class_list":["post-96118","post","type-post","status-publish","format-standard","has-post-thumbnail","hentry","category-policiales","category-portada"],"jetpack_featured_media_url":"https:\/\/i0.wp.com\/cdnoticias.com\/wp-content\/uploads\/2023\/09\/policial-agradio-policia-robo-1.jpeg?fit=1598%2C1200&ssl=1","jetpack_sharing_enabled":true,"_links":{"self":[{"href":"https:\/\/cdnoticias.com\/index.php\/wp-json\/wp\/v2\/posts\/96118","targetHints":{"allow":["GET"]}}],"collection":[{"href":"https:\/\/cdnoticias.com\/index.php\/wp-json\/wp\/v2\/posts"}],"about":[{"href":"https:\/\/cdnoticias.com\/index.php\/wp-json\/wp\/v2\/types\/post"}],"author":[{"embeddable":true,"href":"https:\/\/cdnoticias.com\/index.php\/wp-json\/wp\/v2\/users\/6"}],"replies":[{"embeddable":true,"href":"https:\/\/cdnoticias.com\/index.php\/wp-json\/wp\/v2\/comments?post=96118"}],"version-history":[{"count":0,"href":"https:\/\/cdnoticias.com\/index.php\/wp-json\/wp\/v2\/posts\/96118\/revisions"}],"wp:featuredmedia":[{"embeddable":true,"href":"https:\/\/cdnoticias.com\/index.php\/wp-json\/wp\/v2\/media\/96121"}],"wp:attachment":[{"href":"https:\/\/cdnoticias.com\/index.php\/wp-json\/wp\/v2\/media?parent=96118"}],"wp:term":[{"taxonomy":"category","embeddable":true,"href":"https:\/\/cdnoticias.com\/index.php\/wp-json\/wp\/v2\/categories?post=96118"},{"taxonomy":"post_tag","embeddable":true,"href":"https:\/\/cdnoticias.com\/index.php\/wp-json\/wp\/v2\/tags?post=96118"}],"curies":[{"name":"wp","href":"https:\/\/api.w.org\/{rel}","templated":true}]}}