{"id":96113,"date":"2023-09-14T19:36:33","date_gmt":"2023-09-14T22:36:33","guid":{"rendered":"https:\/\/www.centraldenoticias.com.ar\/?p=96113"},"modified":"2023-09-14T19:36:33","modified_gmt":"2023-09-14T22:36:33","slug":"destacado-pianista-olavarriense-en-el-tercer-concierto-del-ciclo-2023-del-mozarteum","status":"publish","type":"post","link":"https:\/\/cdnoticias.com\/index.php\/2023\/09\/14\/destacado-pianista-olavarriense-en-el-tercer-concierto-del-ciclo-2023-del-mozarteum\/","title":{"rendered":"Destacado pianista olavarriense en el tercer concierto del ciclo 2023 del Mozarteum"},"content":{"rendered":"<p>Se llevar\u00e1 a cabo este viernes organizado por la filial local del Mozarteum en conjunto a Mozarteum J\u00f3venes, en el Consejo Profesional de Ciencias Econ\u00f3micas, Buenos Aires. El costo general de las entradas es de $3000 y para estudiantes $600.<br \/>\n<!--more--><\/p>\n<hr \/>\n<p>El <b>pianista olavarriense Andr\u00e9s Beeuwsaert<\/b> se presentar\u00e1 en el <strong>tercer concierto del ciclo 2023 del Mozarteaum<\/strong>. Es organizado por la filial local del Mozarteum en conjunto con Mozarteum J\u00f3venes. El recital tendr\u00e1 lugar este <strong>viernes a las 20:30<\/strong> en el Consejo Profesional de Ciencias Econ\u00f3micas, Buenos Aires.<\/p>\n<p>&nbsp;<\/p>\n<p>El repertorio estar\u00e1 integrado por obras de Lea Freire, M. Laginha, Carlos Aguirre, E, Gismonti y tambi\u00e9n de la propia autor\u00eda de Andr\u00e9s.<\/p>\n<p>&nbsp;<\/p>\n<p>Andr\u00e9s Beeuwsaert, se ha convertido en un <strong>referente de la m\u00fasica popular argentina<\/strong>. Ha tocado y grabado con artistas de la escena local e internacional como <strong>Charly Garc\u00eda, Luis Alberto Spinetta, David Leb\u00f3n, Litto Nebbia, Le\u00f3n Gieco, Lito Vitale<\/strong>, Mono Fontana, Hugo Fattoruso, M\u00e1rio Laginha, Carlos Aguirre, Diego Schissi, Ivan Lins, Steve Khan y Joe Lovano, entre muchos otros.<\/p>\n<p>&nbsp;<\/p>\n<p><img data-recalc-dims=\"1\" loading=\"lazy\" decoding=\"async\" class=\"aligncenter wp-image-96117 size-large\" src=\"https:\/\/i0.wp.com\/cdnoticias.com\/wp-content\/uploads\/2023\/09\/WhatsApp-Image-2023-09-13-at-18.06.25-1.jpeg?resize=682%2C1024&#038;ssl=1\" alt=\"\" width=\"682\" height=\"1024\" srcset=\"https:\/\/i0.wp.com\/cdnoticias.com\/wp-content\/uploads\/2023\/09\/WhatsApp-Image-2023-09-13-at-18.06.25-1.jpeg?resize=682%2C1024&amp;ssl=1 682w, https:\/\/i0.wp.com\/cdnoticias.com\/wp-content\/uploads\/2023\/09\/WhatsApp-Image-2023-09-13-at-18.06.25-1.jpeg?resize=200%2C300&amp;ssl=1 200w, https:\/\/i0.wp.com\/cdnoticias.com\/wp-content\/uploads\/2023\/09\/WhatsApp-Image-2023-09-13-at-18.06.25-1.jpeg?resize=768%2C1153&amp;ssl=1 768w, https:\/\/i0.wp.com\/cdnoticias.com\/wp-content\/uploads\/2023\/09\/WhatsApp-Image-2023-09-13-at-18.06.25-1.jpeg?resize=1023%2C1536&amp;ssl=1 1023w, https:\/\/i0.wp.com\/cdnoticias.com\/wp-content\/uploads\/2023\/09\/WhatsApp-Image-2023-09-13-at-18.06.25-1.jpeg?w=1066&amp;ssl=1 1066w\" sizes=\"auto, (max-width: 682px) 100vw, 682px\" \/><\/p>\n<p>&nbsp;<\/p>\n<p>Entre 2004 y 2009 Andr\u00e9s <strong>fue convocado por Pedro Aznar<\/strong> para sus conciertos y grabaciones, realizando numerosas giras nacionales e internacionales (Chile, Brasil, Uruguay, Colombia, Honduras, Costa Rica, Ecuador y Espa\u00f1a) y grabando 4 CDs y 3 DVDs. <strong>Desde 2016 integra la banda de Gustavo Santaolalla<\/strong> debutando en el teatro Col\u00f3n y realizando giras por Argentina y Sudam\u00e9rica, grabando programas para TV y un CD en vivo titulado Raconto.<\/p>\n<p>&nbsp;<\/p>\n<p>Las <strong>entradas tienen un costo de $3000 (generales) y $600 (estudiantes)<\/strong>, se pueden adquirir anticipadamente comunic\u00e1ndose al 2284-636881 o 2284-233268. Adem\u00e1s, se podr\u00e1n conseguir el mismo d\u00eda de la funci\u00f3n a partir de las 19 horas.<\/p>\n","protected":false},"excerpt":{"rendered":"<p>Se llevar\u00e1 a cabo este viernes organizado por la filial local del Mozarteum en conjunto a Mozarteum J\u00f3venes, en el<\/p>\n","protected":false},"author":5,"featured_media":96116,"comment_status":"closed","ping_status":"closed","sticky":false,"template":"","format":"standard","meta":{"_jetpack_memberships_contains_paid_content":false,"footnotes":""},"categories":[9,1],"tags":[],"class_list":["post-96113","post","type-post","status-publish","format-standard","has-post-thumbnail","hentry","category-cultura","category-portada"],"jetpack_featured_media_url":"https:\/\/i0.wp.com\/cdnoticias.com\/wp-content\/uploads\/2023\/09\/WhatsApp-Image-2023-09-13-at-18.06.25-e1694730973554.jpeg?fit=1067%2C566&ssl=1","jetpack_sharing_enabled":true,"_links":{"self":[{"href":"https:\/\/cdnoticias.com\/index.php\/wp-json\/wp\/v2\/posts\/96113","targetHints":{"allow":["GET"]}}],"collection":[{"href":"https:\/\/cdnoticias.com\/index.php\/wp-json\/wp\/v2\/posts"}],"about":[{"href":"https:\/\/cdnoticias.com\/index.php\/wp-json\/wp\/v2\/types\/post"}],"author":[{"embeddable":true,"href":"https:\/\/cdnoticias.com\/index.php\/wp-json\/wp\/v2\/users\/5"}],"replies":[{"embeddable":true,"href":"https:\/\/cdnoticias.com\/index.php\/wp-json\/wp\/v2\/comments?post=96113"}],"version-history":[{"count":0,"href":"https:\/\/cdnoticias.com\/index.php\/wp-json\/wp\/v2\/posts\/96113\/revisions"}],"wp:featuredmedia":[{"embeddable":true,"href":"https:\/\/cdnoticias.com\/index.php\/wp-json\/wp\/v2\/media\/96116"}],"wp:attachment":[{"href":"https:\/\/cdnoticias.com\/index.php\/wp-json\/wp\/v2\/media?parent=96113"}],"wp:term":[{"taxonomy":"category","embeddable":true,"href":"https:\/\/cdnoticias.com\/index.php\/wp-json\/wp\/v2\/categories?post=96113"},{"taxonomy":"post_tag","embeddable":true,"href":"https:\/\/cdnoticias.com\/index.php\/wp-json\/wp\/v2\/tags?post=96113"}],"curies":[{"name":"wp","href":"https:\/\/api.w.org\/{rel}","templated":true}]}}