{"id":96106,"date":"2023-09-16T09:11:06","date_gmt":"2023-09-16T12:11:06","guid":{"rendered":"https:\/\/www.centraldenoticias.com.ar\/?p=96106"},"modified":"2023-09-16T09:11:06","modified_gmt":"2023-09-16T12:11:06","slug":"primera-edicion-de-la-fiesta-de-la-torta-frita-en-loma-negra","status":"publish","type":"post","link":"https:\/\/cdnoticias.com\/index.php\/2023\/09\/16\/primera-edicion-de-la-fiesta-de-la-torta-frita-en-loma-negra\/","title":{"rendered":"Primera edici\u00f3n de la Fiesta de la Torta Frita en Loma Negra"},"content":{"rendered":"<p>Este evento se llevar\u00e1 a cabo el pr\u00f3ximo 24 de septiembre en la Plaza Libertad. Conoc\u00e9 el cronograma completo.<!--more--><\/p>\n<hr \/>\n<p>Se realizar\u00e1 la <strong>primera edici\u00f3n de la Fiesta de la Torta Frita<\/strong>; por iniciativa de la Comisi\u00f3n de Damas por la Sonrisa de un ni\u00f1o, con intenci\u00f3n de sumar un festejo aut\u00f3ctono a la localidad.<\/p>\n<p>&nbsp;<\/p>\n<p>Este evento se llevar\u00e1 a cabo de manera conjunta con el festejo por el D\u00eda de la Primavera, el pr\u00f3ximo <strong>24 de septiembre a las 14:30 en la Plaza Libertad.<\/strong> La organizaci\u00f3n se logr\u00f3 de manera conjunta con instituciones y vecinos y vecinas de la comunidad: B\u00e1squet Club Loma Negra, Casa de Cultura y Turismo, V\u00f3ley Club Independiente, Cooperadora de la Escuela N.\u00ba 79.<\/p>\n<p>&nbsp;<\/p>\n<p>Cada instituci\u00f3n participante ser\u00e1 la encargada de <strong>elaborar sus tortas fritas a su gusto y manera<\/strong>, realizando la preparaci\u00f3n y cocci\u00f3n en el lugar. Adem\u00e1s, la actividad contar\u00e1 con el acompa\u00f1amiento de la Municipalidad de Olavarr\u00eda, la Delegaci\u00f3n Municipal de la localidad, la subsecretar\u00eda de Cultura y Educaci\u00f3n, y la Direcci\u00f3n de Turismo. La locuci\u00f3n estar\u00e1 a cargo de Miguel \u00c1ngel Carlos.<\/p>\n<p>&nbsp;<\/p>\n<p><strong>Cronograma<\/strong><\/p>\n<ul>\n<li>14:50: Grupo de rock pesado \u201cNefasto\u201d<\/li>\n<li>15:20: Gabriel Aqueveque.<\/li>\n<li>16:00: Grupo de Rock Cemento<\/li>\n<li>16:40: Alejandro Bellendier<\/li>\n<li>17:30: H\u00e9ctor Leira<\/li>\n<li>18:00: Cuarteto Popular Municipal<\/li>\n<li>19:00: Roberto Herrera.<\/li>\n<\/ul>\n<p>&nbsp;<\/p>\n<blockquote><p>Adem\u00e1s de la variada oferta musical, podr\u00e1n disfrutar de tortas fritas, incluyendo opciones aptas para cel\u00edacos. Tambi\u00e9n habr\u00e1 venta de gaseosas y agua caliente. Los m\u00e1s j\u00f3venes tendr\u00e1n asegurada su diversi\u00f3n con inflables y actividades como la \u201cb\u00fasqueda del error\u201d, y, para quienes adornen su bicicleta, se entregar\u00e1n golosinas.<\/p><\/blockquote>\n<p>&nbsp;<\/p>\n<p>El evento <strong>no se suspende por mal tiempo<\/strong>; en caso de condiciones clim\u00e1ticas adversas, la actividad se trasladar\u00e1 al Sal\u00f3n del Club Social y Deportivo Loma Negra.<\/p>\n<p>&nbsp;<\/p>\n<p><a href=\"https:\/\/cdnoticias.com\/index.php\/2023\/09\/14\/hcd-varios-cruces-entre-oficialismo-y-oposicion-en-el-ultimo-tramo-de-la-sesion\/\" target=\"_blank\" rel=\"noopener\">En la \u00faltima sesi\u00f3n del Concejo Deliberante<\/a> la fiesta se declar\u00f3 de <strong>inter\u00e9s legislativo municipal<\/strong>.<\/p>\n","protected":false},"excerpt":{"rendered":"<p>Este evento se llevar\u00e1 a cabo el pr\u00f3ximo 24 de septiembre en la Plaza Libertad. Conoc\u00e9 el cronograma completo.<\/p>\n","protected":false},"author":6,"featured_media":96107,"comment_status":"closed","ping_status":"closed","sticky":false,"template":"","format":"standard","meta":{"_jetpack_memberships_contains_paid_content":false,"footnotes":""},"categories":[9,1],"tags":[],"class_list":["post-96106","post","type-post","status-publish","format-standard","has-post-thumbnail","hentry","category-cultura","category-portada"],"jetpack_featured_media_url":"https:\/\/i0.wp.com\/cdnoticias.com\/wp-content\/uploads\/2023\/09\/DE-Turismo-Fiesta-de-la-Torta-Frita-Loma-Negra-1024x682-1.jpg?fit=1024%2C682&ssl=1","jetpack_sharing_enabled":true,"_links":{"self":[{"href":"https:\/\/cdnoticias.com\/index.php\/wp-json\/wp\/v2\/posts\/96106","targetHints":{"allow":["GET"]}}],"collection":[{"href":"https:\/\/cdnoticias.com\/index.php\/wp-json\/wp\/v2\/posts"}],"about":[{"href":"https:\/\/cdnoticias.com\/index.php\/wp-json\/wp\/v2\/types\/post"}],"author":[{"embeddable":true,"href":"https:\/\/cdnoticias.com\/index.php\/wp-json\/wp\/v2\/users\/6"}],"replies":[{"embeddable":true,"href":"https:\/\/cdnoticias.com\/index.php\/wp-json\/wp\/v2\/comments?post=96106"}],"version-history":[{"count":0,"href":"https:\/\/cdnoticias.com\/index.php\/wp-json\/wp\/v2\/posts\/96106\/revisions"}],"wp:featuredmedia":[{"embeddable":true,"href":"https:\/\/cdnoticias.com\/index.php\/wp-json\/wp\/v2\/media\/96107"}],"wp:attachment":[{"href":"https:\/\/cdnoticias.com\/index.php\/wp-json\/wp\/v2\/media?parent=96106"}],"wp:term":[{"taxonomy":"category","embeddable":true,"href":"https:\/\/cdnoticias.com\/index.php\/wp-json\/wp\/v2\/categories?post=96106"},{"taxonomy":"post_tag","embeddable":true,"href":"https:\/\/cdnoticias.com\/index.php\/wp-json\/wp\/v2\/tags?post=96106"}],"curies":[{"name":"wp","href":"https:\/\/api.w.org\/{rel}","templated":true}]}}