{"id":96101,"date":"2023-09-25T09:15:31","date_gmt":"2023-09-25T12:15:31","guid":{"rendered":"https:\/\/www.centraldenoticias.com.ar\/?p=96101"},"modified":"2023-09-25T11:23:56","modified_gmt":"2023-09-25T14:23:56","slug":"tecnicos-provinciales-en-enfermeria-podran-completar-licenciatura-de-validez-nacional","status":"publish","type":"post","link":"https:\/\/cdnoticias.com\/index.php\/2023\/09\/25\/tecnicos-provinciales-en-enfermeria-podran-completar-licenciatura-de-validez-nacional\/","title":{"rendered":"T\u00e9cnicos provinciales en enfermer\u00eda podr\u00e1n completar licenciatura de validez nacional"},"content":{"rendered":"<p>El entendimiento alcanzado permitir\u00e1 \u201cla realizaci\u00f3n de la articulaci\u00f3n entre la Tecnicatura Superior en Enfermer\u00eda, cuyo Plan de Estudios fue aprobado por la Res. de la DGCyE N\u00ba 4259\/09 y la Carrera de Enfermer\u00eda Profesional de la Facultad de Ciencias de la Salud\u201d.<!--more--><\/p>\n<hr \/>\n<p>Autoridades de la UNICEN y de la Direcci\u00f3n General de Cultura y Educaci\u00f3n de la Provincia de Buenos Aires <strong>firmaron un acuerdo que permitir\u00e1 a los t\u00e9cnicos en enfermer\u00eda que tengan su t\u00edtulo provincial, completar el ciclo de licenciatura en la casa de estudios que tiene esa carrera en su Facultad de Ciencias de la Salud<\/strong> (sede Olavarr\u00eda).<\/p>\n<p>&nbsp;<\/p>\n<p>En La Plata, participaron de la firma el se\u00f1or Alberto Enrique Garc\u00eda, Director Provincial de Legal y T\u00e9cnica, M\u00f3nica Fazio, Directora de Coordinaci\u00f3n Administrativa, y Andrea Canavery, Jefa del Departamento de Coordinaci\u00f3n Institucional. En <strong>representaci\u00f3n de la Universidad, <\/strong>participaron el<strong> rector Marcelo Aba,<\/strong> la vicerrectora<strong> Alicia Spinello<\/strong>, y la Secretaria Acad\u00e9mica<strong> Natalia Giamberardino.<\/strong><\/p>\n<p>&nbsp;<\/p>\n<p>El entendimiento alcanzado permitir\u00e1 \u201c<em>la realizaci\u00f3n de la articulaci\u00f3n entre la Tecnicatura Superior en Enfermer\u00eda, cuyo Plan de Estudios fue aprobado por la Res. de la DGCyE N\u00ba 4259\/09 y la Carrera de Enfermer\u00eda Profesional de la Facultad de Ciencias de la Salud\u201d.<\/em><\/p>\n<p>&nbsp;<\/p>\n<p>Por \u00faltimo, indicaron que \u201cla Universidad a partir del an\u00e1lisis comparativo de los Planes de Estudios de ambas carreras, procedi\u00f3 al dise\u00f1o de una propuesta de articulaci\u00f3n con la Tecnicatura Superior en Enfermer\u00eda (Res.4259\/09 DGCyE), que permitir\u00e1 a los egresados con el t\u00edtulo de Enfermero, completar la Licenciatura en Enfermer\u00eda en la Universidad Nacional de Centro mediante \u201cel cursado y la aprobaci\u00f3n del 4\u00ba y 5\u00ba a\u00f1o y un Trabajo Final\u201d.<\/p>\n","protected":false},"excerpt":{"rendered":"<p>El entendimiento alcanzado permitir\u00e1 \u201cla realizaci\u00f3n de la articulaci\u00f3n entre la Tecnicatura Superior en Enfermer\u00eda, cuyo Plan de Estudios fue<\/p>\n","protected":false},"author":6,"featured_media":96102,"comment_status":"closed","ping_status":"closed","sticky":false,"template":"","format":"standard","meta":{"_jetpack_memberships_contains_paid_content":false,"footnotes":""},"categories":[5,1],"tags":[],"class_list":["post-96101","post","type-post","status-publish","format-standard","has-post-thumbnail","hentry","category-informacion-general","category-portada"],"jetpack_featured_media_url":"https:\/\/i0.wp.com\/cdnoticias.com\/wp-content\/uploads\/2023\/09\/convenio-dge-la-plata.png?fit=1524%2C856&ssl=1","jetpack_sharing_enabled":true,"_links":{"self":[{"href":"https:\/\/cdnoticias.com\/index.php\/wp-json\/wp\/v2\/posts\/96101","targetHints":{"allow":["GET"]}}],"collection":[{"href":"https:\/\/cdnoticias.com\/index.php\/wp-json\/wp\/v2\/posts"}],"about":[{"href":"https:\/\/cdnoticias.com\/index.php\/wp-json\/wp\/v2\/types\/post"}],"author":[{"embeddable":true,"href":"https:\/\/cdnoticias.com\/index.php\/wp-json\/wp\/v2\/users\/6"}],"replies":[{"embeddable":true,"href":"https:\/\/cdnoticias.com\/index.php\/wp-json\/wp\/v2\/comments?post=96101"}],"version-history":[{"count":0,"href":"https:\/\/cdnoticias.com\/index.php\/wp-json\/wp\/v2\/posts\/96101\/revisions"}],"wp:featuredmedia":[{"embeddable":true,"href":"https:\/\/cdnoticias.com\/index.php\/wp-json\/wp\/v2\/media\/96102"}],"wp:attachment":[{"href":"https:\/\/cdnoticias.com\/index.php\/wp-json\/wp\/v2\/media?parent=96101"}],"wp:term":[{"taxonomy":"category","embeddable":true,"href":"https:\/\/cdnoticias.com\/index.php\/wp-json\/wp\/v2\/categories?post=96101"},{"taxonomy":"post_tag","embeddable":true,"href":"https:\/\/cdnoticias.com\/index.php\/wp-json\/wp\/v2\/tags?post=96101"}],"curies":[{"name":"wp","href":"https:\/\/api.w.org\/{rel}","templated":true}]}}