{"id":96094,"date":"2023-09-14T15:48:50","date_gmt":"2023-09-14T18:48:50","guid":{"rendered":"https:\/\/www.centraldenoticias.com.ar\/?p=96094"},"modified":"2023-09-14T15:54:38","modified_gmt":"2023-09-14T18:54:38","slug":"hcd-varios-cruces-entre-oficialismo-y-oposicion-en-el-ultimo-tramo-de-la-sesion","status":"publish","type":"post","link":"https:\/\/cdnoticias.com\/index.php\/2023\/09\/14\/hcd-varios-cruces-entre-oficialismo-y-oposicion-en-el-ultimo-tramo-de-la-sesion\/","title":{"rendered":"HCD: varios cruces entre oficialismo y oposici\u00f3n en el \u00faltimo tramo de la sesi\u00f3n"},"content":{"rendered":"<p>Los fondos afectados por la venta de terrenos a Cementos Avellaneda, los fondos para comedores escolares y las prestaciones de IOMA estuvieron en el debate de la sesi\u00f3n ordinaria de este jueves.<\/p>\n<p><!--more--><\/p>\n<hr \/>\n<p>El <strong>Concejo Deliberante de Olavarr\u00eda<\/strong>, presidido por la concejal Cecilia Krivochen, llev\u00f3 adelante la <strong>12\u00aa sesi\u00f3n ordinaria del periodo legislativo 2023.<\/strong> Tal como inform\u00f3 <strong>Central de Noticias<\/strong>,<a href=\"https:\/\/cdnoticias.com\/index.php\/2023\/09\/14\/hcd-se-acepto-la-donacion-de-terrenos-para-lotear-en-sierras-bayas\/\" target=\"_blank\" rel=\"noopener\"> el primer tema en tratamiento fue la donaci\u00f3n de tierras de parte de la empresa ETA<\/a> para la construcci\u00f3n de viviendas.<\/p>\n<p>&nbsp;<\/p>\n<p>Hubo <strong>numerosos proyectos en tratamiento<\/strong>, aunque los que derivaron en las cr\u00edticas con cruces e intercambios de mayor calibre pol\u00edtico se dieron en el \u00faltimo tramo.<\/p>\n<p>&nbsp;<\/p>\n<p>En ese sentido, <strong>fue aprobado un pedido de informes<\/strong> dirigido al Ejecutivo Municipal en referencia a<strong> distintos aspectos vinculados a la ejecuci\u00f3n del fondo conformado con el resultado de la venta de la calle a la empresa Cementos Avellaneda.<\/strong><\/p>\n<p>&nbsp;<\/p>\n<p><img data-recalc-dims=\"1\" loading=\"lazy\" decoding=\"async\" class=\"size-full wp-image-96068 aligncenter\" src=\"https:\/\/i0.wp.com\/cdnoticias.com\/wp-content\/uploads\/2023\/09\/HCD-cecilia-krivochen-00.jpg?resize=800%2C445&#038;ssl=1\" alt=\"\" width=\"800\" height=\"445\" srcset=\"https:\/\/i0.wp.com\/cdnoticias.com\/wp-content\/uploads\/2023\/09\/HCD-cecilia-krivochen-00.jpg?w=800&amp;ssl=1 800w, https:\/\/i0.wp.com\/cdnoticias.com\/wp-content\/uploads\/2023\/09\/HCD-cecilia-krivochen-00.jpg?resize=300%2C167&amp;ssl=1 300w, https:\/\/i0.wp.com\/cdnoticias.com\/wp-content\/uploads\/2023\/09\/HCD-cecilia-krivochen-00.jpg?resize=768%2C427&amp;ssl=1 768w\" sizes=\"auto, (max-width: 800px) 100vw, 800px\" \/><\/p>\n<p>&nbsp;<\/p>\n<p>La bancada de <strong>Uni\u00f3n por la Patria i<\/strong>mpuls\u00f3 el proyecto. El concejal <strong>Ubaldo Garc\u00eda<\/strong> fue el encargado de presentarlo y se\u00f1al\u00f3 que el planteo se redact\u00f3 a ra\u00edz del \u201cpedido de los vecinos\u201d por informaci\u00f3n sobre los gastos. Record\u00f3 que la operaci\u00f3n entre el Municipio y la cementera se hizo en enero de 2022 <strong>\u201cy a partir de ah\u00ed comenzaron dilaciones para las obras\u201d<\/strong> dijo. Se hab\u00edan afectado los fondos para destinar a obras vinculadas a turismo, a desarrollo de las localidades y a los parques industriales.<\/p>\n<p>&nbsp;<\/p>\n<p>Garc\u00eda tambi\u00e9n record\u00f3 que<strong> se crearon dos comisiones especiales en el HCD<\/strong>, una para seguimiento de las obras del fondo afectado por el Municipio y otra para seguimiento de las obras de remediaci\u00f3n comprometidas por la empresa. <em>\u201cMe toc\u00f3 formar parte de la comisi\u00f3n de seguimiento de la utilizaci\u00f3n de los fondos\u201d dijo para se\u00f1alar que \u201cno pudo continuar trabajando porque el Ejecutivo no colabor\u00f3 en lo m\u00e1s m\u00ednimo en la informaci\u00f3n que se requer\u00eda\u201d<\/em>.<\/p>\n<p>&nbsp;<\/p>\n<blockquote><p>\u201cCuando hablamos de republicanismo y respeto a las instituciones, tenemos que verlo en casos as\u00ed c\u00f3mo no ocurre. Es una expresi\u00f3n de deseo de distintos espacios pol\u00edticos, pero cuando hay que llevarlo adelante se ve que no se hace\u201d asegur\u00f3 el concejal.<\/p><\/blockquote>\n<p>&nbsp;<\/p>\n<p><img data-recalc-dims=\"1\" loading=\"lazy\" decoding=\"async\" class=\"size-full wp-image-83581 aligncenter\" src=\"https:\/\/i0.wp.com\/cdnoticias.com\/wp-content\/uploads\/2023\/04\/HCD-ubaldo-garcia.jpg?resize=800%2C445&#038;ssl=1\" alt=\"\" width=\"800\" height=\"445\" srcset=\"https:\/\/i0.wp.com\/cdnoticias.com\/wp-content\/uploads\/2023\/04\/HCD-ubaldo-garcia.jpg?w=800&amp;ssl=1 800w, https:\/\/i0.wp.com\/cdnoticias.com\/wp-content\/uploads\/2023\/04\/HCD-ubaldo-garcia.jpg?resize=300%2C167&amp;ssl=1 300w, https:\/\/i0.wp.com\/cdnoticias.com\/wp-content\/uploads\/2023\/04\/HCD-ubaldo-garcia.jpg?resize=768%2C427&amp;ssl=1 768w\" sizes=\"auto, (max-width: 800px) 100vw, 800px\" \/><\/p>\n<p>&nbsp;<\/p>\n<p>Respecto del contenido del proyecto, explic\u00f3 que <strong>actualmente quedan 11 millones de pesos sin utilizar<\/strong>. \u201cEn algunas de las reuniones se inform\u00f3 que <em>estos fondos eran colocados en inversiones que iban a generar un resultado<\/em>, y se aclar\u00f3 que ese resultado iba a ser afectado al mismo criterio que el fondo de origen\u201d dijo. <strong>Garc\u00eda pidi\u00f3 conocer cu\u00e1les son esos \u201cresultados\u201d y si efectivamente se contempla su destino para los fines previstos en la ordenanza que habilit\u00f3 la venta<\/strong>.<\/p>\n<p>&nbsp;<\/p>\n<blockquote><p>\u201cLo que m\u00e1s nos preocupa es d\u00f3nde est\u00e1 este dinero que no est\u00e1 siendo utilizado\u201d y a\u00f1adi\u00f3 que \u201csi no se agregan estos intereses se gener\u00f3 un da\u00f1o econ\u00f3mico a los vecinos afectados. Estamos hablando de fondos de hace un a\u00f1o y medio, y hubi\u00e9semos podido hacer muchas m\u00e1s obras\u201d dijo.<\/p><\/blockquote>\n<p>&nbsp;<\/p>\n<p>La respuesta la dio la concejal <strong>Celeste Arouxet de Ahora Olavarr\u00eda<\/strong> quien se\u00f1al\u00f3 que en di\u00e1logo con una funcionaria del \u00e1rea de Hacienda le inform\u00f3 que los intereses se registran de una forma especial y que est\u00e1n disponibles para consulta por sistema.<\/p>\n<p>&nbsp;<\/p>\n<p>El pedido de informe se aprob\u00f3 por unanimidad<\/p>\n<p>&nbsp;<\/p>\n<h2>Comedores escolares<\/h2>\n<p>&nbsp;<\/p>\n<p>Tambi\u00e9n<strong> qued\u00f3 aprobada una comunicaci\u00f3n dirigida al Ministerio de Desarrollo de la Comunidad y la Direcci\u00f3n General de Cultura y Educaci\u00f3n<\/strong> acerca de la <strong>actualizaci\u00f3n del presupuesto asignado al Servicio Alimentario Escolar (SAE)<\/strong> de acuerdo al \u00edndice de precios mayoristas publicado por el INDEC.<\/p>\n<p>&nbsp;<\/p>\n<p><img data-recalc-dims=\"1\" loading=\"lazy\" decoding=\"async\" class=\"size-full wp-image-96077 aligncenter\" src=\"https:\/\/i0.wp.com\/cdnoticias.com\/wp-content\/uploads\/2023\/09\/HCD-maite-salerno.jpg?resize=800%2C445&#038;ssl=1\" alt=\"\" width=\"800\" height=\"445\" srcset=\"https:\/\/i0.wp.com\/cdnoticias.com\/wp-content\/uploads\/2023\/09\/HCD-maite-salerno.jpg?w=800&amp;ssl=1 800w, https:\/\/i0.wp.com\/cdnoticias.com\/wp-content\/uploads\/2023\/09\/HCD-maite-salerno.jpg?resize=300%2C167&amp;ssl=1 300w, https:\/\/i0.wp.com\/cdnoticias.com\/wp-content\/uploads\/2023\/09\/HCD-maite-salerno.jpg?resize=768%2C427&amp;ssl=1 768w\" sizes=\"auto, (max-width: 800px) 100vw, 800px\" \/><\/p>\n<p>&nbsp;<\/p>\n<p>Adem\u00e1s, como sucedi\u00f3 en otros proyectos, se solicit\u00f3 que se analice la posibilidad de <strong>establecer un mecanismo permanente de actualizaci\u00f3n<\/strong> en funci\u00f3n de los \u00edndices de incrementos de precios que publique el INDEC. <em>La comunicaci\u00f3n fue rechazada por los concejales del bloque Uni\u00f3n por la Patria y de Foro Olavarr\u00eda. <\/em><strong>Fue aprobada por mayor\u00eda con los votos de los bloques Juntos, UCR y Ahora Olavarr\u00eda.<\/strong><\/p>\n<p>&nbsp;<\/p>\n<p>El debate en este caso fue extenso, con varias intervenciones de cada bancada. Lo present\u00f3 <strong>Maite Salerno (Juntos)<\/strong> quien afirm\u00f3 que <strong>\u201clos consejeros escolares y auxiliares hacen malabares para sostener los men\u00faes de los chicos\u201d<\/strong> debido al desfasaje entre los fondos enviados y los costos por los aumentos de precios. Aclar\u00f3 que ya se previ\u00f3 un aumento de las partidas desde octubre. <em>\u201cDebemos dejar de tratar a los comedores escolares como un gasto y s\u00ed como una inversi\u00f3n para que los chicos est\u00e9n nutridos y puedan pensar\u201d<\/em> defini\u00f3.<\/p>\n<p>&nbsp;<\/p>\n<blockquote><p>La concejal detall\u00f3 el \u201cmen\u00fa aprobado para el invierno\u201d y fue enumerando los alimentos que se reemplazaron o retiraron por falta de fondos. \u201cLe pregunto a los candidatos, que est\u00e1n en este recinto, que son del mismo color que la Provincia, que los vemos en las redes que recorren las escuelas y dicen que tienen buena relaci\u00f3n con el gobernador, \u00bfno gestionan la comida de los chicos de nuestra ciudad? Evidentemente lo que toman los chicos en las escuelas no les interesa\u201d lanz\u00f3.<\/p><\/blockquote>\n<p>&nbsp;<\/p>\n<p><img data-recalc-dims=\"1\" loading=\"lazy\" decoding=\"async\" class=\"size-full wp-image-89420 aligncenter\" src=\"https:\/\/i0.wp.com\/cdnoticias.com\/wp-content\/uploads\/2023\/07\/HCD-matrella.jpg?resize=800%2C445&#038;ssl=1\" alt=\"\" width=\"800\" height=\"445\" srcset=\"https:\/\/i0.wp.com\/cdnoticias.com\/wp-content\/uploads\/2023\/07\/HCD-matrella.jpg?w=800&amp;ssl=1 800w, https:\/\/i0.wp.com\/cdnoticias.com\/wp-content\/uploads\/2023\/07\/HCD-matrella.jpg?resize=300%2C167&amp;ssl=1 300w, https:\/\/i0.wp.com\/cdnoticias.com\/wp-content\/uploads\/2023\/07\/HCD-matrella.jpg?resize=768%2C427&amp;ssl=1 768w\" sizes=\"auto, (max-width: 800px) 100vw, 800px\" \/><\/p>\n<p>&nbsp;<\/p>\n<p><strong>Sebasti\u00e1n Matrella (UCR-Juntos)<\/strong> record\u00f3 que en marzo su bloque hab\u00eda presentado un proyecto con esta misma problem\u00e1tica. <em>\u201cCon la pobreza del pa\u00eds es prioritario mantener este servicio adecuadamente. Es m\u00e1s prioritario que dar cr\u00e9ditos subsidiados\u201d<\/em> dijo.<\/p>\n<p>&nbsp;<\/p>\n<p>Por UxP intervino <strong>Juan S\u00e1nchez<\/strong> quien critic\u00f3 el contenido del proyecto con referencia a expresiones que la misma Salerno hab\u00eda pronunciado en la sesi\u00f3n anterior:<strong> \u201ceste proyecto es una comunicaci\u00f3n parcializada con su visi\u00f3n\u201d<\/strong> dijo.<em> \u201cLas dietas que se les est\u00e1n dando, a\u00fan con reemplazos en alg\u00fan momento por cuestiones estacionales, siguen siendo equilibradas y acorde a lo que se demanda alimentariamente\u201d<\/em> asegur\u00f3 sobre el planteo central.<\/p>\n<p>&nbsp;<\/p>\n<p>Adem\u00e1s,<strong> adelant\u00f3 el voto negativo de su bancada<\/strong> para definir que<em> \u201ceste sector pol\u00edtico no manifiesta preocupaci\u00f3n por estos temas, se ocupa y los soluciona\u201d.<\/em><\/p>\n<p>&nbsp;<\/p>\n<p><img data-recalc-dims=\"1\" loading=\"lazy\" decoding=\"async\" class=\"size-full wp-image-96067 aligncenter\" src=\"https:\/\/i0.wp.com\/cdnoticias.com\/wp-content\/uploads\/2023\/09\/HCD-juan-sanchez-00.jpg?resize=800%2C445&#038;ssl=1\" alt=\"\" width=\"800\" height=\"445\" srcset=\"https:\/\/i0.wp.com\/cdnoticias.com\/wp-content\/uploads\/2023\/09\/HCD-juan-sanchez-00.jpg?w=800&amp;ssl=1 800w, https:\/\/i0.wp.com\/cdnoticias.com\/wp-content\/uploads\/2023\/09\/HCD-juan-sanchez-00.jpg?resize=300%2C167&amp;ssl=1 300w, https:\/\/i0.wp.com\/cdnoticias.com\/wp-content\/uploads\/2023\/09\/HCD-juan-sanchez-00.jpg?resize=768%2C427&amp;ssl=1 768w\" sizes=\"auto, (max-width: 800px) 100vw, 800px\" \/><\/p>\n<p>&nbsp;<\/p>\n<p>Tanto la concejal Salerno -quien rechaz\u00f3 los argumentos de S\u00e1nchez- como el concejal S\u00e1nchez volvieron a intervenir en el debate. Adem\u00e1s se sumaron con distintas expresiones<strong> Celeste Arouxet y Carlos Coscia (Juntos)<\/strong>.<\/p>\n<p>&nbsp;<\/p>\n<h2>Servicios de IOMA<\/h2>\n<p>&nbsp;<\/p>\n<p>Sobre el final de la sesi\u00f3n, se aprob\u00f3 una<strong> comunicaci\u00f3n donde el HCD de Olavarr\u00eda manifiesta su \u201cprofunda preocupaci\u00f3n por la situaci\u00f3n que atraviesan los afiliados del IOMA\u201d<\/strong>, en lo que respecta al funcionamiento del servicio a nivel local.<\/p>\n<p>&nbsp;<\/p>\n<p><strong>Nicol\u00e1s Marinangeli (Juntos)<\/strong> present\u00f3 el proyecto y expuso los \u201creclamos por parte de los afiliados de IOMA de la ciudad\u201d, con detalle en la<strong> \u201cdificultad para el acceso a profesionales y estudios\u201d<\/strong>. Se\u00f1al\u00f3 que \u201clos m\u00e9dicos dejan de atender por la desactualizaci\u00f3n del valor del nomenclador o el atraso en los pagos\u201d.<\/p>\n<p>&nbsp;<\/p>\n<p><img data-recalc-dims=\"1\" loading=\"lazy\" decoding=\"async\" class=\"size-full wp-image-83579 aligncenter\" src=\"https:\/\/i0.wp.com\/cdnoticias.com\/wp-content\/uploads\/2023\/04\/HCD-nicolas-marinangeli.jpg?resize=800%2C445&#038;ssl=1\" alt=\"\" width=\"800\" height=\"445\" srcset=\"https:\/\/i0.wp.com\/cdnoticias.com\/wp-content\/uploads\/2023\/04\/HCD-nicolas-marinangeli.jpg?w=800&amp;ssl=1 800w, https:\/\/i0.wp.com\/cdnoticias.com\/wp-content\/uploads\/2023\/04\/HCD-nicolas-marinangeli.jpg?resize=300%2C167&amp;ssl=1 300w, https:\/\/i0.wp.com\/cdnoticias.com\/wp-content\/uploads\/2023\/04\/HCD-nicolas-marinangeli.jpg?resize=768%2C427&amp;ssl=1 768w\" sizes=\"auto, (max-width: 800px) 100vw, 800px\" \/><\/p>\n<p>&nbsp;<\/p>\n<p>Este expediente <strong>result\u00f3 aprobado por mayor\u00eda<\/strong> de la misma forma que el proyecto anterior.<\/p>\n<p>&nbsp;<\/p>\n<p><strong>Natalia Alvarez, de UxP<\/strong>, rechaz\u00f3 las afirmaciones del concejal oficialista y fue respondiendo uno a uno los considerandos del proyecto. <strong>\u201cPara los m\u00e9dicos ha habido una pol\u00edtica de incrementos constantes en continuado desde 2020, acumulado 505% cuando la inflaci\u00f3n fue de 300%\u201d<\/strong> dijo para seguir con cr\u00edticas a la gesti\u00f3n de la ex gobernadora Vidal. Sostuvo que en comparaci\u00f3n con la anterior gesti\u00f3n \u201cse redujo la demora en los pagos y se incrementaron los valores\u201d.<\/p>\n<p>&nbsp;<\/p>\n<p>Hizo referencias detalladas a las prestaciones y a los pagos, y arremeti\u00f3 <strong>\u201csi durante cuatro a\u00f1os estuvieron callados y ahora levantan la voz, esto es pol\u00edtico.<\/strong> No podemos venir hoy a levantar a voz despu\u00e9s de que toleraron una gesti\u00f3n que hizo desastres\u201d.<\/p>\n<p>&nbsp;<\/p>\n<p><img data-recalc-dims=\"1\" loading=\"lazy\" decoding=\"async\" class=\"size-full wp-image-94100 aligncenter\" src=\"https:\/\/i0.wp.com\/cdnoticias.com\/wp-content\/uploads\/2023\/08\/HCD-natalia-alvarez-00.jpg?resize=800%2C445&#038;ssl=1\" alt=\"\" width=\"800\" height=\"445\" srcset=\"https:\/\/i0.wp.com\/cdnoticias.com\/wp-content\/uploads\/2023\/08\/HCD-natalia-alvarez-00.jpg?w=800&amp;ssl=1 800w, https:\/\/i0.wp.com\/cdnoticias.com\/wp-content\/uploads\/2023\/08\/HCD-natalia-alvarez-00.jpg?resize=300%2C167&amp;ssl=1 300w, https:\/\/i0.wp.com\/cdnoticias.com\/wp-content\/uploads\/2023\/08\/HCD-natalia-alvarez-00.jpg?resize=768%2C427&amp;ssl=1 768w\" sizes=\"auto, (max-width: 800px) 100vw, 800px\" \/><\/p>\n<p>&nbsp;<\/p>\n<h2>Homenajes y declaraciones de inter\u00e9s<\/h2>\n<p>&nbsp;<\/p>\n<p>El Concejo Deliberante aprob\u00f3 otorgar el<strong> galard\u00f3n de \u201cHonor al M\u00e9rito Ciudadano\u201d a la joven deportista Paloma Routaboul<\/strong>, por ser la primera jugadora olavarriense en representar al seccionado argentino en el mundial de V\u00f3ley, siento este realizado en Croacia-Hungr\u00eda.<\/p>\n<p>&nbsp;<\/p>\n<p>En la continuidad de la sesi\u00f3n, fue <strong>declarado de Inter\u00e9s Legislativo Municipal el 11\u00ba Gran Premio Argentino de Baquets<\/strong>: homenaje a Dante y Torcuato Emiliozzi. El jueves se llev\u00f3 adelante la largada desde Olavarr\u00eda donde regresar\u00e1n el pr\u00f3ximo s\u00e1bado 16.<\/p>\n<p>&nbsp;<\/p>\n<p>M\u00e1s adelante, el HCD sancion\u00f3 la Resoluci\u00f3n en la que se declara de <strong>Inter\u00e9s Legislativo Municipal a la primera Edici\u00f3n del \u201cFestival Latinoamericano de Cortos de Olavarr\u00eda\u201d<\/strong> a realizarse<a href=\"https:\/\/cdnoticias.com\/index.php\/2023\/04\/08\/festival-latinoamericano-de-cortos-el-puntapie-fue-el-ciclo-de-cine-en-insurgente\/\" target=\"_blank\" rel=\"noopener\"> los d\u00edas s\u00e1bado 23 y domingo 24 de septiembre<\/a>.<\/p>\n<p>&nbsp;<\/p>\n<p>Por iniciativa del bloque UCR-Juntos fue declarado de<strong> Inter\u00e9s Legislativo Municipal el \u201cXXIX Festival Guitarras del Mundo\u201d<\/strong>, que se desarrollar\u00e1 en nuestra ciudad en el mes de octubre.<\/p>\n<p>&nbsp;<\/p>\n<p>En el desarrollo de la 12\u00b0 sesi\u00f3n ordinaria y por iniciativa del bloque Uni\u00f3n por la Patria fue aprobada por unanimidad la Resoluci\u00f3n en la que se <strong>declara de Inter\u00e9s Legislativo Municipal la realizaci\u00f3n del espect\u00e1culo \u201cCorazonada 11\u201d<\/strong> que llevar\u00e1 adelante la <a href=\"https:\/\/cdnoticias.com\/index.php\/2023\/09\/10\/nuestro-arte-es-dinamico-con-sus-propias-raices\/\" target=\"_blank\" rel=\"noopener\">murga Arrebatando L\u00e1grimas cuyos integrantes tambi\u00e9n estuvieron en el recinto del HCD<\/a>. Tambi\u00e9n por iniciativa de la misma bancada fue declarado de <strong>Inter\u00e9s Legislativo Municipal el trabajo realizado por alumnos de la ENAPE, denominado \u201cEl arroyo Tapalque\u201d<\/strong>. La investigaci\u00f3n fue presentada en la <a href=\"https:\/\/cdnoticias.com\/index.php\/2023\/08\/26\/un-proyecto-de-enape-seleccionado-en-la-50a-feria-provincial-de-educacion-artes-ciencias-y-tecnologia\/\" target=\"_blank\" rel=\"noopener\">Feria Nacional de Educaci\u00f3n, Arte, Ciencia y Tecnolog\u00eda<\/a>.<\/p>\n<p>&nbsp;<\/p>\n<p>El \u00faltimo proyecto en aprobarse fue la <strong>declaraci\u00f3n de Inter\u00e9s Legislativo Municipal para la primera Fiesta de la Torta Frita<\/strong> a realizarse en Loma Negra el 24 de septiembre.<\/p>\n<p>&nbsp;<\/p>\n","protected":false},"excerpt":{"rendered":"<p>Los fondos afectados por la venta de terrenos a Cementos Avellaneda, los fondos para comedores escolares y las prestaciones de<\/p>\n","protected":false},"author":4,"featured_media":96066,"comment_status":"closed","ping_status":"closed","sticky":false,"template":"","format":"standard","meta":{"_jetpack_memberships_contains_paid_content":false,"footnotes":""},"categories":[4,1],"tags":[],"class_list":["post-96094","post","type-post","status-publish","format-standard","has-post-thumbnail","hentry","category-politica","category-portada"],"jetpack_featured_media_url":"https:\/\/i0.wp.com\/cdnoticias.com\/wp-content\/uploads\/2023\/09\/HCd-sesion-14-09.jpg?fit=800%2C445&ssl=1","jetpack_sharing_enabled":true,"_links":{"self":[{"href":"https:\/\/cdnoticias.com\/index.php\/wp-json\/wp\/v2\/posts\/96094","targetHints":{"allow":["GET"]}}],"collection":[{"href":"https:\/\/cdnoticias.com\/index.php\/wp-json\/wp\/v2\/posts"}],"about":[{"href":"https:\/\/cdnoticias.com\/index.php\/wp-json\/wp\/v2\/types\/post"}],"author":[{"embeddable":true,"href":"https:\/\/cdnoticias.com\/index.php\/wp-json\/wp\/v2\/users\/4"}],"replies":[{"embeddable":true,"href":"https:\/\/cdnoticias.com\/index.php\/wp-json\/wp\/v2\/comments?post=96094"}],"version-history":[{"count":0,"href":"https:\/\/cdnoticias.com\/index.php\/wp-json\/wp\/v2\/posts\/96094\/revisions"}],"wp:featuredmedia":[{"embeddable":true,"href":"https:\/\/cdnoticias.com\/index.php\/wp-json\/wp\/v2\/media\/96066"}],"wp:attachment":[{"href":"https:\/\/cdnoticias.com\/index.php\/wp-json\/wp\/v2\/media?parent=96094"}],"wp:term":[{"taxonomy":"category","embeddable":true,"href":"https:\/\/cdnoticias.com\/index.php\/wp-json\/wp\/v2\/categories?post=96094"},{"taxonomy":"post_tag","embeddable":true,"href":"https:\/\/cdnoticias.com\/index.php\/wp-json\/wp\/v2\/tags?post=96094"}],"curies":[{"name":"wp","href":"https:\/\/api.w.org\/{rel}","templated":true}]}}