{"id":96078,"date":"2023-09-14T19:02:45","date_gmt":"2023-09-14T22:02:45","guid":{"rendered":"https:\/\/www.centraldenoticias.com.ar\/?p=96078"},"modified":"2023-09-14T20:20:53","modified_gmt":"2023-09-14T23:20:53","slug":"salerno-a-wesner-no-le-interesa-que-y-como-comen-los-chicos-del-servicio-alimentario-escolar","status":"publish","type":"post","link":"https:\/\/cdnoticias.com\/index.php\/2023\/09\/14\/salerno-a-wesner-no-le-interesa-que-y-como-comen-los-chicos-del-servicio-alimentario-escolar\/","title":{"rendered":"Salerno: &#8220;A Wesner no le interesa qu\u00e9 y como comen los chicos del Servicio Alimentario Escolar&#8221;"},"content":{"rendered":"<p>La concejal de Juntos refiri\u00f3 a la negativa de Uni\u00f3n por la Patria a acompa\u00f1ar un pedido de informes sobre el presupuesto del SAE. &#8220;Los candidatos de UxP no gestionan la comida\u00a0 de los chicos de nuestra ciudad&#8221;, manifest\u00f3.<\/p>\n<p><!--more--><\/p>\n<hr \/>\n<p>Este jueves durante la 12\u00b0 sesi\u00f3n ordinaria del HCD la concejal del <strong>bloque Juntos, Maite Salerno<\/strong>, refiri\u00f3 a la <strong>negativa del bloque Uni\u00f3n por la Patria a acompa\u00f1ar un proyecto de comunicaci\u00f3n<\/strong> sobre la actualizaci\u00f3n del presupuesto asignado al <strong>Servicio Alimentario Escolar (SAE) 2023.<\/strong><\/p>\n<p>&nbsp;<\/p>\n<p>Cabe recordar que <a href=\"https:\/\/cdnoticias.com\/index.php\/2023\/03\/09\/salerno-el-aumento-del-sae-no-alcanza-para-cuidar-la-nutricion-de-los-chicos\/\" target=\"_blank\" rel=\"noopener\">se hab\u00eda presentado un pedido de informes en marzo de este a\u00f1o<\/a> por parte del bloque UCR Juntos, que tampoco fue acompa\u00f1ado por el bloque Uni\u00f3n por la Patria.<\/p>\n<p>&nbsp;<\/p>\n<blockquote><p>&#8220;Los Consejeros Escolares hacen malabares para sostener el men\u00fa de los chicos, para garantizar el derecho a una alimentaci\u00f3n igualitaria, con foco en los m\u00e1s vulnerables&#8221;, manifest\u00f3 Salerno.<\/p><\/blockquote>\n<p>&nbsp;<\/p>\n<p>Asimismo, durante su alocuci\u00f3n, en la que enumer\u00f3 los alimentos que integran el men\u00fa de las escuelas y comedores aprobado por la Provincia, se\u00f1al\u00f3 que<strong> &#8220;no se respeta la tabla nutricional&#8221;<\/strong>. La respuesta de los comedores fue &#8220;les damos lo que podemos&#8221;.<\/p>\n<p>&nbsp;<\/p>\n<p><strong>&#8220;La fruta se suspendi\u00f3, no se les da leche, se les da carne cuando se puede<\/strong>, en un contexto con m\u00e1s del 12% de inflaci\u00f3n la gente necesita de los comedores escolares&#8221;, indic\u00f3 la Concejal. &#8220;La Caja Mesa que entrega la Provincia tiene 8 productos por 3 mil pesos y se entrega mensualmente, que me expliquen qui\u00e9n come con eso durante un mes&#8221;, se\u00f1al\u00f3.<\/p>\n<p>&nbsp;<\/p>\n<p>Por \u00faltimo, apunt\u00f3 a &#8220;los candidatos locales de Uni\u00f3n por la Patria, que tienen muy buena relaci\u00f3n con la Provincia por ser del mismo color pol\u00edtico, los vemos que recorren las escuelas,<strong> esos candidatos no gestionan la comida de los chicos de nuestra ciudad&#8221;<\/strong>. La concejal Salerno se pregunt\u00f3 si<em> &#8220;\u00bfvan a gestionar solamente si ganan? Porque los chicos tienen hambre hoy&#8221;<\/em>.<\/p>\n<p>&nbsp;<\/p>\n<p>Tras la votaci\u00f3n del expediente, Salerno expres\u00f3: <strong>&#8220;a Wesner no le interesa qu\u00e9 y como comen los chicos del Servicio Alimentario Escolar&#8221;<\/strong>.<\/p>\n<p>&nbsp;<\/p>\n","protected":false},"excerpt":{"rendered":"<p>La concejal de Juntos refiri\u00f3 a la negativa de Uni\u00f3n por la Patria a acompa\u00f1ar un pedido de informes sobre<\/p>\n","protected":false},"author":4,"featured_media":96077,"comment_status":"closed","ping_status":"closed","sticky":false,"template":"","format":"standard","meta":{"_jetpack_memberships_contains_paid_content":false,"footnotes":""},"categories":[4],"tags":[],"class_list":["post-96078","post","type-post","status-publish","format-standard","has-post-thumbnail","hentry","category-politica"],"jetpack_featured_media_url":"https:\/\/i0.wp.com\/cdnoticias.com\/wp-content\/uploads\/2023\/09\/HCD-maite-salerno.jpg?fit=800%2C445&ssl=1","jetpack_sharing_enabled":true,"_links":{"self":[{"href":"https:\/\/cdnoticias.com\/index.php\/wp-json\/wp\/v2\/posts\/96078","targetHints":{"allow":["GET"]}}],"collection":[{"href":"https:\/\/cdnoticias.com\/index.php\/wp-json\/wp\/v2\/posts"}],"about":[{"href":"https:\/\/cdnoticias.com\/index.php\/wp-json\/wp\/v2\/types\/post"}],"author":[{"embeddable":true,"href":"https:\/\/cdnoticias.com\/index.php\/wp-json\/wp\/v2\/users\/4"}],"replies":[{"embeddable":true,"href":"https:\/\/cdnoticias.com\/index.php\/wp-json\/wp\/v2\/comments?post=96078"}],"version-history":[{"count":0,"href":"https:\/\/cdnoticias.com\/index.php\/wp-json\/wp\/v2\/posts\/96078\/revisions"}],"wp:featuredmedia":[{"embeddable":true,"href":"https:\/\/cdnoticias.com\/index.php\/wp-json\/wp\/v2\/media\/96077"}],"wp:attachment":[{"href":"https:\/\/cdnoticias.com\/index.php\/wp-json\/wp\/v2\/media?parent=96078"}],"wp:term":[{"taxonomy":"category","embeddable":true,"href":"https:\/\/cdnoticias.com\/index.php\/wp-json\/wp\/v2\/categories?post=96078"},{"taxonomy":"post_tag","embeddable":true,"href":"https:\/\/cdnoticias.com\/index.php\/wp-json\/wp\/v2\/tags?post=96078"}],"curies":[{"name":"wp","href":"https:\/\/api.w.org\/{rel}","templated":true}]}}