{"id":9601,"date":"2020-12-21T21:53:58","date_gmt":"2020-12-22T00:53:58","guid":{"rendered":"http:\/\/www.centraldenoticias.com.ar\/?p=9601"},"modified":"2020-12-22T11:32:51","modified_gmt":"2020-12-22T14:32:51","slug":"se-conocieron-mas-detalles-del-violento-accidente-frente-al-acceso-a-sierras-bayas","status":"publish","type":"post","link":"https:\/\/cdnoticias.com\/index.php\/2020\/12\/21\/se-conocieron-mas-detalles-del-violento-accidente-frente-al-acceso-a-sierras-bayas\/","title":{"rendered":"Se conocieron m\u00e1s detalles del violento accidente frente al acceso a Sierras Bayas"},"content":{"rendered":"<p>El transportista permanece internado en el Hospital Municipal \u201cDoctor H\u00e9ctor Cura\u201d. Se inici\u00f3 una causa por \u201clesiones culposas\u201d.<\/p>\n<p><!--more--><\/p>\n<hr \/>\n<p>Alrededor de las 18.30 de este lunes un<a href=\"https:\/\/cdnoticias.com\/index.php\/2020\/12\/21\/violento-choque-de-camiones-sobre-ruta-226-a-la-altura-de-sierras-bayas\/\" target=\"_blank\" rel=\"noopener\"> violento siniestro vial tuvo como escenario la Ruta Nacional 226<\/a>, frente al acceso a Sierras Bayas. En condiciones que son materia de estudio dos camiones chocaron sobre el carril con direcci\u00f3n hacia nuestra ciudad.<\/p>\n<p>&nbsp;<\/p>\n<p><img data-recalc-dims=\"1\" loading=\"lazy\" decoding=\"async\" class=\"alignnone size-large wp-image-9592\" src=\"https:\/\/i0.wp.com\/cdnoticias.com\/wp-content\/uploads\/2020\/12\/accidenteruta.jpg?resize=800%2C600&#038;ssl=1\" alt=\"\" width=\"800\" height=\"600\" srcset=\"https:\/\/i0.wp.com\/cdnoticias.com\/wp-content\/uploads\/2020\/12\/accidenteruta.jpg?resize=1024%2C768&amp;ssl=1 1024w, https:\/\/i0.wp.com\/cdnoticias.com\/wp-content\/uploads\/2020\/12\/accidenteruta.jpg?resize=300%2C225&amp;ssl=1 300w, https:\/\/i0.wp.com\/cdnoticias.com\/wp-content\/uploads\/2020\/12\/accidenteruta.jpg?resize=768%2C576&amp;ssl=1 768w, https:\/\/i0.wp.com\/cdnoticias.com\/wp-content\/uploads\/2020\/12\/accidenteruta.jpg?w=1152&amp;ssl=1 1152w\" sizes=\"auto, (max-width: 800px) 100vw, 800px\" \/><\/p>\n<p>&nbsp;<\/p>\n<p>Uno de los transportes implicados culmin\u00f3 sobre una de las banquinas, a varios metros del lugar del impacto. Fue el rodado que peores consecuencias registr\u00f3, al punto que <strong>uno de sus ocupantes, m\u00e1s precisamente el conductor, qued\u00f3 prisionero del habit\u00e1culo, siendo rescatado del lugar por personal de bomberos voluntarios, que debi\u00f3 trabajar de manera ardua por varios minutos para lograr retirarlo de ese sitio<\/strong>.<\/p>\n<p>&nbsp;<\/p>\n<p>Fuentes consultadas por <em><strong>Central de Noticias<\/strong><\/em> confiaron que la v\u00edctima, un hombre de 37 a\u00f1os, fue traslada de urgencia al Hospital Municipal \u201cDoctor H\u00e9ctor Cura\u201d, donde permanece internado. <strong>Se logr\u00f3 conocer que ingres\u00f3, entre otras lesiones, con un traumatismo de cr\u00e1neo y actualmente se encuentra en el sector de guardia<\/strong>. El hombre circulaba junto a otros dos ocupantes, quienes afortunadamente s\u00f3lo habr\u00edan registrado lesiones menores.<\/p>\n<p>&nbsp;<\/p>\n<p><img data-recalc-dims=\"1\" loading=\"lazy\" decoding=\"async\" class=\"alignnone size-large wp-image-9599\" src=\"https:\/\/i0.wp.com\/cdnoticias.com\/wp-content\/uploads\/2020\/12\/accidenteruta7.jpg?resize=800%2C600&#038;ssl=1\" alt=\"\" width=\"800\" height=\"600\" srcset=\"https:\/\/i0.wp.com\/cdnoticias.com\/wp-content\/uploads\/2020\/12\/accidenteruta7.jpg?resize=1024%2C768&amp;ssl=1 1024w, https:\/\/i0.wp.com\/cdnoticias.com\/wp-content\/uploads\/2020\/12\/accidenteruta7.jpg?resize=300%2C225&amp;ssl=1 300w, https:\/\/i0.wp.com\/cdnoticias.com\/wp-content\/uploads\/2020\/12\/accidenteruta7.jpg?resize=768%2C576&amp;ssl=1 768w, https:\/\/i0.wp.com\/cdnoticias.com\/wp-content\/uploads\/2020\/12\/accidenteruta7.jpg?w=1152&amp;ssl=1 1152w\" sizes=\"auto, (max-width: 800px) 100vw, 800px\" \/><\/p>\n<p>&nbsp;<\/p>\n<p><strong>El otro cami\u00f3n culmin\u00f3 sobre la autopista, pr\u00e1cticamente en el lugar donde se habr\u00eda dado la colisi\u00f3n. Era guiado por un hombre de 48 a\u00f1os, quien result\u00f3 ileso<\/strong>. Una de las versiones alude a que al menos otro rodado se habr\u00eda visto implicado, pero todo ello es materia de estudio de los investigadores. En ese sentido, pudo verse a peritos de la divisi\u00f3n Cient\u00edfica de la polic\u00eda Bonaerense realizando diversas pesquisas en el lugar para lograr establecer c\u00f3mo se dieron los hechos.<\/p>\n<p>&nbsp;<\/p>\n<p>Vale destacar que<strong> concurrieron al lugar tres unidades del Destacamento de Bomberos Voluntarios de Sierras Bayas, a los que luego se sum\u00f3 una cuarta dotaci\u00f3n proveniente del Cuartel Central del Olavarr\u00eda<\/strong>. Trabajaron bajo las \u00f3rdenes de Jorge Del R\u00edo, jefe del destacamento de la ciudad serrana.\u00a0 Asimismo, tambi\u00e9n se cont\u00f3 con personal m\u00e9dico de Hinojo.<\/p>\n<p>&nbsp;<\/p>\n<p><img data-recalc-dims=\"1\" loading=\"lazy\" decoding=\"async\" class=\"alignnone size-large wp-image-9600\" src=\"https:\/\/i0.wp.com\/cdnoticias.com\/wp-content\/uploads\/2020\/12\/accidenteruta6.jpg?resize=800%2C600&#038;ssl=1\" alt=\"\" width=\"800\" height=\"600\" srcset=\"https:\/\/i0.wp.com\/cdnoticias.com\/wp-content\/uploads\/2020\/12\/accidenteruta6.jpg?resize=1024%2C768&amp;ssl=1 1024w, https:\/\/i0.wp.com\/cdnoticias.com\/wp-content\/uploads\/2020\/12\/accidenteruta6.jpg?resize=300%2C225&amp;ssl=1 300w, https:\/\/i0.wp.com\/cdnoticias.com\/wp-content\/uploads\/2020\/12\/accidenteruta6.jpg?resize=768%2C576&amp;ssl=1 768w, https:\/\/i0.wp.com\/cdnoticias.com\/wp-content\/uploads\/2020\/12\/accidenteruta6.jpg?w=1152&amp;ssl=1 1152w\" sizes=\"auto, (max-width: 800px) 100vw, 800px\" \/><\/p>\n<p>&nbsp;<\/p>\n<p>Las tareas preventivas y averiguaci\u00f3n de los hechos fueron llevadas adelante por agentes de la subcomisar\u00eda de Sierras Bayas, adem\u00e1s de la asistencia de trabajadores del peaje.<strong> La circulaci\u00f3n por el lugar durante varios momentos se vio interrumpida por completo, desviando a los conductores por un camino vecinal que comunica nuevamente con la Ruta 226 a la altura del acceso al aer\u00f3dromo<\/strong>.<\/p>\n<p>&nbsp;<\/p>\n<p>La investigaci\u00f3n de los hechos es encabezada por la fiscal en turno, la doctora Viviana Beyt\u00eda de la Unidad Funcional de Instrucci\u00f3n N\u00b0 10. El encuadre al momento es de <strong>\u201clesiones culposas\u201d<\/strong>.<\/p>\n","protected":false},"excerpt":{"rendered":"<p>El transportista permanece internado en el Hospital Municipal \u201cDoctor H\u00e9ctor Cura\u201d. Se inici\u00f3 una causa por \u201clesiones culposas\u201d.<\/p>\n","protected":false},"author":3,"featured_media":9605,"comment_status":"closed","ping_status":"closed","sticky":false,"template":"","format":"standard","meta":{"_jetpack_memberships_contains_paid_content":false,"footnotes":""},"categories":[14,1],"tags":[],"class_list":["post-9601","post","type-post","status-publish","format-standard","has-post-thumbnail","hentry","category-policiales","category-portada"],"jetpack_featured_media_url":"https:\/\/i0.wp.com\/cdnoticias.com\/wp-content\/uploads\/2020\/12\/choque-1.jpg?fit=1140%2C702&ssl=1","jetpack_sharing_enabled":true,"_links":{"self":[{"href":"https:\/\/cdnoticias.com\/index.php\/wp-json\/wp\/v2\/posts\/9601","targetHints":{"allow":["GET"]}}],"collection":[{"href":"https:\/\/cdnoticias.com\/index.php\/wp-json\/wp\/v2\/posts"}],"about":[{"href":"https:\/\/cdnoticias.com\/index.php\/wp-json\/wp\/v2\/types\/post"}],"author":[{"embeddable":true,"href":"https:\/\/cdnoticias.com\/index.php\/wp-json\/wp\/v2\/users\/3"}],"replies":[{"embeddable":true,"href":"https:\/\/cdnoticias.com\/index.php\/wp-json\/wp\/v2\/comments?post=9601"}],"version-history":[{"count":0,"href":"https:\/\/cdnoticias.com\/index.php\/wp-json\/wp\/v2\/posts\/9601\/revisions"}],"wp:featuredmedia":[{"embeddable":true,"href":"https:\/\/cdnoticias.com\/index.php\/wp-json\/wp\/v2\/media\/9605"}],"wp:attachment":[{"href":"https:\/\/cdnoticias.com\/index.php\/wp-json\/wp\/v2\/media?parent=9601"}],"wp:term":[{"taxonomy":"category","embeddable":true,"href":"https:\/\/cdnoticias.com\/index.php\/wp-json\/wp\/v2\/categories?post=9601"},{"taxonomy":"post_tag","embeddable":true,"href":"https:\/\/cdnoticias.com\/index.php\/wp-json\/wp\/v2\/tags?post=9601"}],"curies":[{"name":"wp","href":"https:\/\/api.w.org\/{rel}","templated":true}]}}