{"id":95997,"date":"2023-09-13T18:31:16","date_gmt":"2023-09-13T21:31:16","guid":{"rendered":"https:\/\/www.centraldenoticias.com.ar\/?p=95997"},"modified":"2023-09-13T18:31:16","modified_gmt":"2023-09-13T21:31:16","slug":"katopodis-en-el-paro-activo-de-obras-una-argentina-grande-es-con-obra-publica","status":"publish","type":"post","link":"https:\/\/cdnoticias.com\/index.php\/2023\/09\/13\/katopodis-en-el-paro-activo-de-obras-una-argentina-grande-es-con-obra-publica\/","title":{"rendered":"Katopodis en el paro activo de obras: \u201cUna Argentina grande es con Obra P\u00fablica\u201d"},"content":{"rendered":"<p>El ministro de Obras P\u00fablicas, Gabriel Katopodis encabez\u00f3 esta ma\u00f1ana, en el municipio de Mor\u00f3n, una asamblea junto a los trabajadores de la obra de renovaci\u00f3n de la avenida Gaona durante el paro activo de obras que se realiz\u00f3 en el marco de la campa\u00f1a \u201cUna #ArgentinaGrande es con Obra P\u00fablica\u201d. <!--more--><\/p>\n<hr \/>\n<p>Hoy, y durante 30 minutos en todo el pa\u00eds,<strong> funcionarios y funcionarias del Ministerio de Obras P\u00fablicas, Organismos y Empresas descentralizadas realizaron asambleas de concientizaci\u00f3n sobre la importancia de la obra p\u00fablica en el contexto de las pr\u00f3ximas elecciones, junto a trabajadores y trabajadoras.<\/strong><\/p>\n<p>&nbsp;<\/p>\n<p>En ese sentido, Katopodis expres\u00f3: <em>\u201cHoy arrancamos el paro activo en defensa de la Obra P\u00fablica, para cuidar el laburo de los 500 mil trabajadores y trabajadoras de la construcci\u00f3n. Esto est\u00e1 pasando ahora en provincias de todo el pa\u00eds para conversar sobre lo que est\u00e1 en riesgo si se para la Obra P\u00fablica.\u201d<\/em><\/p>\n<p>&nbsp;<\/p>\n<p><img data-recalc-dims=\"1\" loading=\"lazy\" decoding=\"async\" class=\"alignnone size-large wp-image-96002\" src=\"https:\/\/i0.wp.com\/cdnoticias.com\/wp-content\/uploads\/2023\/09\/WhatsApp-Image-2023-09-13-at-11.01.40.jpeg?resize=800%2C533&#038;ssl=1\" alt=\"\" width=\"800\" height=\"533\" srcset=\"https:\/\/i0.wp.com\/cdnoticias.com\/wp-content\/uploads\/2023\/09\/WhatsApp-Image-2023-09-13-at-11.01.40.jpeg?resize=1024%2C682&amp;ssl=1 1024w, https:\/\/i0.wp.com\/cdnoticias.com\/wp-content\/uploads\/2023\/09\/WhatsApp-Image-2023-09-13-at-11.01.40.jpeg?resize=300%2C200&amp;ssl=1 300w, https:\/\/i0.wp.com\/cdnoticias.com\/wp-content\/uploads\/2023\/09\/WhatsApp-Image-2023-09-13-at-11.01.40.jpeg?resize=768%2C512&amp;ssl=1 768w, https:\/\/i0.wp.com\/cdnoticias.com\/wp-content\/uploads\/2023\/09\/WhatsApp-Image-2023-09-13-at-11.01.40.jpeg?resize=1536%2C1023&amp;ssl=1 1536w, https:\/\/i0.wp.com\/cdnoticias.com\/wp-content\/uploads\/2023\/09\/WhatsApp-Image-2023-09-13-at-11.01.40.jpeg?resize=272%2C182&amp;ssl=1 272w, https:\/\/i0.wp.com\/cdnoticias.com\/wp-content\/uploads\/2023\/09\/WhatsApp-Image-2023-09-13-at-11.01.40.jpeg?w=1600&amp;ssl=1 1600w\" sizes=\"auto, (max-width: 800px) 100vw, 800px\" \/><\/p>\n<p>&nbsp;<\/p>\n<blockquote><p>Y continu\u00f3: \u201cNosotros estamos ejecutando un Plan de Desarrollo de Infraestructura con escuelas, universidades, rutas, acueductos y plantas de saneamiento en toda la Argentina. Mientras las grandes potencias del mundo llevan adelante los planes de de obras m\u00e1s importes de su historia, en nuestro pa\u00eds la oposici\u00f3n ya dijo que quiere detenerlas y privatizarlas\u201d.<\/p><\/blockquote>\n<p>&nbsp;<\/p>\n<p><strong><em>\u201cEn estas asambleas p\u00fablicas entre los trabajadores, las empresas y la gente hoy decidimos c\u00f3mo pa\u00eds que una Argentina Grande es con Obra P\u00fablica\u201d,<\/em><\/strong> concluy\u00f3 Katopodis.<\/p>\n<p>&nbsp;<\/p>\n<h2>En cifras<\/h2>\n<p>&nbsp;<\/p>\n<p><img data-recalc-dims=\"1\" loading=\"lazy\" decoding=\"async\" class=\"alignnone size-large wp-image-96000\" src=\"https:\/\/i0.wp.com\/cdnoticias.com\/wp-content\/uploads\/2023\/09\/WhatsApp-Image-2023-09-13-at-11.01.39-1.jpeg?resize=800%2C534&#038;ssl=1\" alt=\"\" width=\"800\" height=\"534\" srcset=\"https:\/\/i0.wp.com\/cdnoticias.com\/wp-content\/uploads\/2023\/09\/WhatsApp-Image-2023-09-13-at-11.01.39-1.jpeg?resize=1024%2C683&amp;ssl=1 1024w, https:\/\/i0.wp.com\/cdnoticias.com\/wp-content\/uploads\/2023\/09\/WhatsApp-Image-2023-09-13-at-11.01.39-1.jpeg?resize=300%2C200&amp;ssl=1 300w, https:\/\/i0.wp.com\/cdnoticias.com\/wp-content\/uploads\/2023\/09\/WhatsApp-Image-2023-09-13-at-11.01.39-1.jpeg?resize=768%2C512&amp;ssl=1 768w, https:\/\/i0.wp.com\/cdnoticias.com\/wp-content\/uploads\/2023\/09\/WhatsApp-Image-2023-09-13-at-11.01.39-1.jpeg?resize=1536%2C1024&amp;ssl=1 1536w, https:\/\/i0.wp.com\/cdnoticias.com\/wp-content\/uploads\/2023\/09\/WhatsApp-Image-2023-09-13-at-11.01.39-1.jpeg?resize=272%2C182&amp;ssl=1 272w, https:\/\/i0.wp.com\/cdnoticias.com\/wp-content\/uploads\/2023\/09\/WhatsApp-Image-2023-09-13-at-11.01.39-1.jpeg?w=1567&amp;ssl=1 1567w\" sizes=\"auto, (max-width: 800px) 100vw, 800px\" \/><\/p>\n<p>&nbsp;<\/p>\n<p><strong>El Ministerio de Obras P\u00fablicas (MOP) ya finaliz\u00f3 4.002 obras en las 23 provincias y la Ciudad Aut\u00f3noma de Buenos Aires, con las que se alcanz\u00f3 al 100% de los municipios del pa\u00eds<\/strong>, como parte de las 6.711 en marcha desde el inicio de la gesti\u00f3n. Esto equivale a que, desde el 10 de diciembre de 2019, en promedio, se terminaron 3 obras por d\u00eda.<\/p>\n<p>&nbsp;<\/p>\n<p>Las obras finalizadas se enmarcan en los principales ejes de gesti\u00f3n del MOP, de las cuales<strong> 1.070 corresponden a Conectividad e Infraestructura Vial, 1.607 a Gesti\u00f3n Integrada del Recurso H\u00eddrico, y 1.325 a Infraestructura Rural, Urbana y del Cuidado.<\/strong><\/p>\n<p>&nbsp;<\/p>\n<p>Cabe destacar, que, con el impulso de la Obra P\u00fablica,<strong> se alcanzaron los 500 mil trabajadores registrados en el sector de la construcci\u00f3n con los que se logr\u00f3 el r\u00e9cord hist\u00f3rico m\u00e1s alto.<\/strong><\/p>\n<p>&nbsp;<\/p>\n<p><strong>Con las m\u00e1s de 4.000 obras p\u00fablicas concluidas, se avanz\u00f3 en la generaci\u00f3n de infraestructura p\u00fablica de calidad para la construcci\u00f3n de una Argentina federal sin distinciones pol\u00edticas<\/strong>, con el objetivo principal de achicar los desequilibrios territoriales y las brechas de inversi\u00f3n existentes a lo largo y ancho del pa\u00eds.<\/p>\n<p>&nbsp;<\/p>\n<p>Todos los argentinos y argentinas pueden conocer las obras en ejecuci\u00f3n y los proyectos (ubicaci\u00f3n, inversi\u00f3n y otros datos adicionales), a trav\u00e9s del sitio https:\/\/mapainversiones.obraspublicas.gob.ar<\/p>\n","protected":false},"excerpt":{"rendered":"<p>El ministro de Obras P\u00fablicas, Gabriel Katopodis encabez\u00f3 esta ma\u00f1ana, en el municipio de Mor\u00f3n, una asamblea junto a los<\/p>\n","protected":false},"author":2,"featured_media":96001,"comment_status":"closed","ping_status":"closed","sticky":false,"template":"","format":"standard","meta":{"_jetpack_memberships_contains_paid_content":false,"footnotes":""},"categories":[6,1],"tags":[],"class_list":["post-95997","post","type-post","status-publish","format-standard","has-post-thumbnail","hentry","category-nacionales","category-portada"],"jetpack_featured_media_url":"https:\/\/i0.wp.com\/cdnoticias.com\/wp-content\/uploads\/2023\/09\/WhatsApp-Image-2023-09-13-at-11.01.39.jpeg?fit=1600%2C1066&ssl=1","jetpack_sharing_enabled":true,"_links":{"self":[{"href":"https:\/\/cdnoticias.com\/index.php\/wp-json\/wp\/v2\/posts\/95997","targetHints":{"allow":["GET"]}}],"collection":[{"href":"https:\/\/cdnoticias.com\/index.php\/wp-json\/wp\/v2\/posts"}],"about":[{"href":"https:\/\/cdnoticias.com\/index.php\/wp-json\/wp\/v2\/types\/post"}],"author":[{"embeddable":true,"href":"https:\/\/cdnoticias.com\/index.php\/wp-json\/wp\/v2\/users\/2"}],"replies":[{"embeddable":true,"href":"https:\/\/cdnoticias.com\/index.php\/wp-json\/wp\/v2\/comments?post=95997"}],"version-history":[{"count":0,"href":"https:\/\/cdnoticias.com\/index.php\/wp-json\/wp\/v2\/posts\/95997\/revisions"}],"wp:featuredmedia":[{"embeddable":true,"href":"https:\/\/cdnoticias.com\/index.php\/wp-json\/wp\/v2\/media\/96001"}],"wp:attachment":[{"href":"https:\/\/cdnoticias.com\/index.php\/wp-json\/wp\/v2\/media?parent=95997"}],"wp:term":[{"taxonomy":"category","embeddable":true,"href":"https:\/\/cdnoticias.com\/index.php\/wp-json\/wp\/v2\/categories?post=95997"},{"taxonomy":"post_tag","embeddable":true,"href":"https:\/\/cdnoticias.com\/index.php\/wp-json\/wp\/v2\/tags?post=95997"}],"curies":[{"name":"wp","href":"https:\/\/api.w.org\/{rel}","templated":true}]}}