{"id":95972,"date":"2023-09-13T19:36:15","date_gmt":"2023-09-13T22:36:15","guid":{"rendered":"https:\/\/www.centraldenoticias.com.ar\/?p=95972"},"modified":"2023-09-13T20:13:03","modified_gmt":"2023-09-13T23:13:03","slug":"cemento-portland-aoma-cerro-un-nuevo-acuerdo-trimestral","status":"publish","type":"post","link":"https:\/\/cdnoticias.com\/index.php\/2023\/09\/13\/cemento-portland-aoma-cerro-un-nuevo-acuerdo-trimestral\/","title":{"rendered":"Cemento Portland: AOMA cerr\u00f3 un nuevo acuerdo trimestral"},"content":{"rendered":"<p>Fue firmado este mi\u00e9rcoles, tras una larga serie de reuniones y negociaciones. Con este aumento, los trabajadores y trabajadoras cierran el tercer trimestre con un aumento total del 103,25%.<!--more--><\/p>\n<hr \/>\n<p>Este mi\u00e9rcoles, tras una larga serie de reuniones y negociaciones encabezadas por el <strong>Secretario General, H\u00e9ctor Laplace<\/strong>, <strong>AOMA firm\u00f3 un nuevo acuerdo trimestral de Cemento Portland.<\/strong><\/p>\n<p>&nbsp;<\/p>\n<blockquote><p>El incremento negociado contempla una suba acumulativa en tres tramos: Un 10% en agosto, un 9% en septiembre y un 8% en el mes de octubre. Seg\u00fan se indic\u00f3, el aumento absorbe el bono decretado por el Gobierno Nacional semanas atr\u00e1s.<\/p><\/blockquote>\n<p>&nbsp;<\/p>\n<p>De esta manera, los <strong>trabajadores y\u00a0 trabajadoras cierran el tercer trimestre con un aumento total para los primeros nueve meses de la paritaria 2023 en un 103,25%<\/strong>. Tambi\u00e9n se cerr\u00f3 un acuerdo para los contratistas que se encuentren de forma permanente trabajando dentro de los establecimientos fabriles. El mismo tiene vigencia a partir del 1 de septiembre de 2023.<\/p>\n<p>&nbsp;<\/p>\n<p>Tras la firma, <strong>H\u00e9ctor Laplace<\/strong> destac\u00f3 que con el aumento \u201c<em><strong>los trabajadores recuperan capacidad de compra frente al \u00edndice inflacionario del pa\u00eds\u201d.<\/strong><\/em><\/p>\n","protected":false},"excerpt":{"rendered":"<p>Fue firmado este mi\u00e9rcoles, tras una larga serie de reuniones y negociaciones. Con este aumento, los trabajadores y trabajadoras cierran<\/p>\n","protected":false},"author":6,"featured_media":95973,"comment_status":"closed","ping_status":"closed","sticky":false,"template":"","format":"standard","meta":{"_jetpack_memberships_contains_paid_content":false,"footnotes":""},"categories":[5,1],"tags":[],"class_list":["post-95972","post","type-post","status-publish","format-standard","has-post-thumbnail","hentry","category-informacion-general","category-portada"],"jetpack_featured_media_url":"https:\/\/i0.wp.com\/cdnoticias.com\/wp-content\/uploads\/2023\/09\/WhatsApp-Image-2023-09-13-at-17.27.31.jpeg?fit=696%2C392&ssl=1","jetpack_sharing_enabled":true,"_links":{"self":[{"href":"https:\/\/cdnoticias.com\/index.php\/wp-json\/wp\/v2\/posts\/95972","targetHints":{"allow":["GET"]}}],"collection":[{"href":"https:\/\/cdnoticias.com\/index.php\/wp-json\/wp\/v2\/posts"}],"about":[{"href":"https:\/\/cdnoticias.com\/index.php\/wp-json\/wp\/v2\/types\/post"}],"author":[{"embeddable":true,"href":"https:\/\/cdnoticias.com\/index.php\/wp-json\/wp\/v2\/users\/6"}],"replies":[{"embeddable":true,"href":"https:\/\/cdnoticias.com\/index.php\/wp-json\/wp\/v2\/comments?post=95972"}],"version-history":[{"count":0,"href":"https:\/\/cdnoticias.com\/index.php\/wp-json\/wp\/v2\/posts\/95972\/revisions"}],"wp:featuredmedia":[{"embeddable":true,"href":"https:\/\/cdnoticias.com\/index.php\/wp-json\/wp\/v2\/media\/95973"}],"wp:attachment":[{"href":"https:\/\/cdnoticias.com\/index.php\/wp-json\/wp\/v2\/media?parent=95972"}],"wp:term":[{"taxonomy":"category","embeddable":true,"href":"https:\/\/cdnoticias.com\/index.php\/wp-json\/wp\/v2\/categories?post=95972"},{"taxonomy":"post_tag","embeddable":true,"href":"https:\/\/cdnoticias.com\/index.php\/wp-json\/wp\/v2\/tags?post=95972"}],"curies":[{"name":"wp","href":"https:\/\/api.w.org\/{rel}","templated":true}]}}