{"id":95968,"date":"2023-09-13T18:00:17","date_gmt":"2023-09-13T21:00:17","guid":{"rendered":"https:\/\/www.centraldenoticias.com.ar\/?p=95968"},"modified":"2023-09-13T18:00:17","modified_gmt":"2023-09-13T21:00:17","slug":"inflacion-el-ipc-se-disparo-a-124-en-agosto-tras-la-devaluacion-y-batio-un-record","status":"publish","type":"post","link":"https:\/\/cdnoticias.com\/index.php\/2023\/09\/13\/inflacion-el-ipc-se-disparo-a-124-en-agosto-tras-la-devaluacion-y-batio-un-record\/","title":{"rendered":"Inflaci\u00f3n: el IPC se dispar\u00f3 a 12,4% en agosto tras la devaluaci\u00f3n y bati\u00f3 un r\u00e9cord"},"content":{"rendered":"<p class=\"td-post-sub-title\">El Indec dio a conocer el porcentaje de suba de precios, que estuvo en l\u00ednea con lo esperado, y estuvo impulsado por los alimentos y viviendas.<!--more--><\/p>\n<hr \/>\n<div class=\"td-module-meta-info\">\n<p>La<strong> inflaci\u00f3n de agosto se dispar\u00f3 a 12,4% en agosto<\/strong> tras la <strong>devaluaci\u00f3n del 20% del peso<\/strong>, seg\u00fan inform\u00f3 este mi\u00e9rcoles el<strong> Instituto Nacional de Estad\u00edsticas y Censos<\/strong> (Indec).<\/p>\n<p>&nbsp;<\/p>\n<p>De esta manera, el \u00cdndice de Precio al Consumidor (IPC) del octavo mes del a\u00f1o, <strong>fue el m\u00e1s alto desde marzo de 1991, cuando fue del 27%<\/strong>. La medici\u00f3n interanual arroj\u00f3 un 124,4%, con lo que acumula un alza de 80,2% en los primeros ocho meses del a\u00f1o, a\u00f1adi\u00f3 el Indec.<\/p>\n<p>&nbsp;<\/p>\n<blockquote><p>Alimentos y bebidas no alcoh\u00f3licas, salud, equipamiento y mantenimiento del hogar, hoteler\u00eda y restoranes, recreaci\u00f3n y transporte fueron los rubros que m\u00e1s subieron y robustecieron el porcentaje inflacionario.<\/p><\/blockquote>\n<p>&nbsp;<\/p>\n<p>En tanto, el dato hab\u00eda sido evaluado de antemano por el ministro de Econom\u00eda, <strong>Sergio Massa,<\/strong> como \u201c<strong>uno de los peores meses de los \u00faltimos 30 a\u00f1os producto de una imposici\u00f3n del FMI que golpea enormemente nuestra econom\u00eda, como fue la devaluaci\u00f3n m\u00e1s el impuesto PAIS\u201d.<\/strong><\/p>\n<\/div>\n<p>&nbsp;<\/p>\n<p><img data-recalc-dims=\"1\" loading=\"lazy\" decoding=\"async\" class=\"aligncenter wp-image-95969 size-full\" src=\"https:\/\/i0.wp.com\/cdnoticias.com\/wp-content\/uploads\/2023\/09\/indec-agosto-2023.png?resize=800%2C649&#038;ssl=1\" alt=\"\" width=\"800\" height=\"649\" srcset=\"https:\/\/i0.wp.com\/cdnoticias.com\/wp-content\/uploads\/2023\/09\/indec-agosto-2023.png?w=924&amp;ssl=1 924w, https:\/\/i0.wp.com\/cdnoticias.com\/wp-content\/uploads\/2023\/09\/indec-agosto-2023.png?resize=300%2C244&amp;ssl=1 300w, https:\/\/i0.wp.com\/cdnoticias.com\/wp-content\/uploads\/2023\/09\/indec-agosto-2023.png?resize=768%2C623&amp;ssl=1 768w\" sizes=\"auto, (max-width: 800px) 100vw, 800px\" \/><\/p>\n<div class=\"td-module-meta-info\">\n<p>&nbsp;<\/p>\n<p><strong>Detalles<\/strong><\/p>\n<p>El informe del Indec determin\u00f3 que los bienes registraron una variaci\u00f3n de 13,7% en agosto, mientras que los servicios tuvieron una variaci\u00f3n de 9,1% con respecto al mes anterior. <strong>La divisi\u00f3n de mayor aumento en el mes fue Alimentos y bebidas no alcoh\u00f3licas (15,6%)<\/strong>, impulsada fundamentalmente por la <strong>suba en Carnes y derivados<\/strong> (+25,6% en Gran Buenos Aires) y <strong>Verduras, tub\u00e9rculos y legumbres<\/strong> (+19,3% en Gran Buenos Aires).<\/p>\n<p>&nbsp;<\/p>\n<p>Tambi\u00e9n incidieron con mayor peso en el dato de agosto los <strong>rubros de Salud<\/strong> (15,3%) \u2013principalmente por los<strong> aumentos en Medicamentos<\/strong> (+20,3% en GBA)\u2013 y las subas en Equipamiento y mantenimiento del hogar (14,1%).<\/p>\n<p>&nbsp;<\/p>\n<p>Las divisiones que registraron las <strong>menores variaciones en agosto fueron Comunicaci\u00f3n (4,5%) y Bebidas alcoh\u00f3licas y tabaco (8,5%). <\/strong>A nivel de las categor\u00edas, el IPC N\u00facleo (grupos que quedan por fuera de los Regulados y Estacionales) aument\u00f3 13,8% en el mes y 125,3% interanual y lider\u00f3 el aumento, seguido por Estacionales (frutas, verduras, ropa exterior, transporte por turismo y alojamiento y excursiones) que subi\u00f3 10,7% en el mes y 128,8% interanual.<\/p>\n<p>&nbsp;<\/p>\n<p>Mientras tanto, el IPC de Regulados (combustibles para la vivienda, electricidad, agua y servicios sanitarios, sistemas de salud y servicios auxiliares, transporte p\u00fablico de pasajeros, funcionamiento y mantenimiento de veh\u00edculos, correo, tel\u00e9fono, educaci\u00f3n formal y cigarrillos y accesorios) aument\u00f3 8,3% en el mes y 116,6% interanual.<\/p>\n<p>&nbsp;<\/p>\n<\/div>\n<p>&nbsp;<\/p>\n<blockquote class=\"twitter-tweet\">\n<p dir=\"ltr\" lang=\"es\"><a href=\"https:\/\/twitter.com\/hashtag\/DatoINDEC?src=hash&amp;ref_src=twsrc%5Etfw\">#DatoINDEC<\/a><br \/>\nLos precios al consumidor (<a href=\"https:\/\/twitter.com\/hashtag\/IPC?src=hash&amp;ref_src=twsrc%5Etfw\">#IPC<\/a>) aumentaron 12,4% en agosto de 2023 respecto de julio y 124,4% interanual. Acumularon un alza de 80,2% en los primeros ocho meses del a\u00f1o <a href=\"https:\/\/t.co\/58Wlvj4OFZ\">https:\/\/t.co\/58Wlvj4OFZ<\/a> <a href=\"https:\/\/t.co\/LRihbYlx3j\">pic.twitter.com\/LRihbYlx3j<\/a><\/p>\n<p>\u2014 INDEC Argentina (@INDECArgentina) <a href=\"https:\/\/twitter.com\/INDECArgentina\/status\/1702034479865282750?ref_src=twsrc%5Etfw\">September 13, 2023<\/a><\/p><\/blockquote>\n<p><script async src=\"https:\/\/platform.twitter.com\/widgets.js\" charset=\"utf-8\"><\/script><\/p>\n<p>&nbsp;<\/p>\n<p><em>Fuente: DIB\u00a0<\/em><\/p>\n","protected":false},"excerpt":{"rendered":"<p>El Indec dio a conocer el porcentaje de suba de precios, que estuvo en l\u00ednea con lo esperado, y estuvo<\/p>\n","protected":false},"author":6,"featured_media":82368,"comment_status":"closed","ping_status":"closed","sticky":false,"template":"","format":"standard","meta":{"_jetpack_memberships_contains_paid_content":false,"footnotes":""},"categories":[6,1],"tags":[],"class_list":["post-95968","post","type-post","status-publish","format-standard","has-post-thumbnail","hentry","category-nacionales","category-portada"],"jetpack_featured_media_url":"https:\/\/i0.wp.com\/cdnoticias.com\/wp-content\/uploads\/2023\/04\/inflacion-e1747259672137.jpg?fit=696%2C408&ssl=1","jetpack_sharing_enabled":true,"_links":{"self":[{"href":"https:\/\/cdnoticias.com\/index.php\/wp-json\/wp\/v2\/posts\/95968","targetHints":{"allow":["GET"]}}],"collection":[{"href":"https:\/\/cdnoticias.com\/index.php\/wp-json\/wp\/v2\/posts"}],"about":[{"href":"https:\/\/cdnoticias.com\/index.php\/wp-json\/wp\/v2\/types\/post"}],"author":[{"embeddable":true,"href":"https:\/\/cdnoticias.com\/index.php\/wp-json\/wp\/v2\/users\/6"}],"replies":[{"embeddable":true,"href":"https:\/\/cdnoticias.com\/index.php\/wp-json\/wp\/v2\/comments?post=95968"}],"version-history":[{"count":0,"href":"https:\/\/cdnoticias.com\/index.php\/wp-json\/wp\/v2\/posts\/95968\/revisions"}],"wp:featuredmedia":[{"embeddable":true,"href":"https:\/\/cdnoticias.com\/index.php\/wp-json\/wp\/v2\/media\/82368"}],"wp:attachment":[{"href":"https:\/\/cdnoticias.com\/index.php\/wp-json\/wp\/v2\/media?parent=95968"}],"wp:term":[{"taxonomy":"category","embeddable":true,"href":"https:\/\/cdnoticias.com\/index.php\/wp-json\/wp\/v2\/categories?post=95968"},{"taxonomy":"post_tag","embeddable":true,"href":"https:\/\/cdnoticias.com\/index.php\/wp-json\/wp\/v2\/tags?post=95968"}],"curies":[{"name":"wp","href":"https:\/\/api.w.org\/{rel}","templated":true}]}}