{"id":95948,"date":"2023-09-13T15:14:41","date_gmt":"2023-09-13T18:14:41","guid":{"rendered":"https:\/\/www.centraldenoticias.com.ar\/?p=95948"},"modified":"2023-09-13T17:17:20","modified_gmt":"2023-09-13T20:17:20","slug":"el-concejo-deliberante-aceptara-la-donacion-de-terrenos-para-loteo-en-sierras-bayas","status":"publish","type":"post","link":"https:\/\/cdnoticias.com\/index.php\/2023\/09\/13\/el-concejo-deliberante-aceptara-la-donacion-de-terrenos-para-loteo-en-sierras-bayas\/","title":{"rendered":"El Concejo Deliberante aceptar\u00e1 la donaci\u00f3n de terrenos para loteo en Sierras Bayas"},"content":{"rendered":"<p>La presidenta del HCD, Cecilia Krivochen, encabez\u00f3 la reuni\u00f3n de Labor Parlamentaria que fij\u00f3 el orden del d\u00eda para la sesi\u00f3n de este jueves. Se esperan muchos cruces y debates con algunos proyectos. El rechazo a la destituci\u00f3n del delegado Rikal, a comisi\u00f3n.<\/p>\n<p><!--more--><\/p>\n<hr \/>\n<p>La <strong>presidenta Cecilia Krivochen<\/strong> encabez\u00f3 la reuni\u00f3n de <strong>Labor Parlamentaria<\/strong> donde qued\u00f3 establecido el orden del d\u00eda de la <strong>12\u00aa sesi\u00f3n ordinaria del Concejo Deliberante<\/strong> que se desarrollar\u00e1 <strong>este jueves 14<\/strong> de septiembre desde las 9 en el sal\u00f3n de la Sociedad Espa\u00f1ola.<\/p>\n<p>&nbsp;<\/p>\n<p>Entre los <strong>temas de destacada importancia<\/strong> que estar\u00e1n en tratamiento se cuentan dos proyectos ingresados por acuerdo en dicha comisi\u00f3n y que refieren al <strong>avance del loteo y futura urbanizaci\u00f3n en Sierras Bayas<\/strong>.<\/p>\n<p>&nbsp;<\/p>\n<p>De la reuni\u00f3n de la comisi\u00f3n de Labor Parlamentaria participaron los <em>concejales Juan Mujica, In\u00e9s Creimer, Sebasti\u00e1n Matrella y Mercedes Land\u00edvar<\/em>. En representaci\u00f3n del bloque Ahora Olavarr\u00eda, se encontraba presente <em>Guillermo Lascano<\/em>.<\/p>\n<p>&nbsp;<\/p>\n<figure id=\"attachment_86397\" aria-describedby=\"caption-attachment-86397\" style=\"width: 800px\" class=\"wp-caption aligncenter\"><img data-recalc-dims=\"1\" loading=\"lazy\" decoding=\"async\" class=\"wp-image-86397 size-full\" src=\"https:\/\/i0.wp.com\/cdnoticias.com\/wp-content\/uploads\/2023\/05\/cecilia-krivochen-0.jpg?resize=800%2C445&#038;ssl=1\" alt=\"\" width=\"800\" height=\"445\" srcset=\"https:\/\/i0.wp.com\/cdnoticias.com\/wp-content\/uploads\/2023\/05\/cecilia-krivochen-0.jpg?w=800&amp;ssl=1 800w, https:\/\/i0.wp.com\/cdnoticias.com\/wp-content\/uploads\/2023\/05\/cecilia-krivochen-0.jpg?resize=300%2C167&amp;ssl=1 300w, https:\/\/i0.wp.com\/cdnoticias.com\/wp-content\/uploads\/2023\/05\/cecilia-krivochen-0.jpg?resize=768%2C427&amp;ssl=1 768w\" sizes=\"auto, (max-width: 800px) 100vw, 800px\" \/><figcaption id=\"caption-attachment-86397\" class=\"wp-caption-text\">Presidenta del HCD, Cecilia Krivochen.<\/figcaption><\/figure>\n<p>&nbsp;<\/p>\n<p>En primer t\u00e9rmino, la comisi\u00f3n estableci\u00f3 que<strong> 19 expedientes<\/strong> que ingresaron en t\u00e9rmino reglamentario sean despachados a las distintas <strong>comisiones<\/strong> internas y permanentes donde continuar\u00e1n con el tr\u00e1mite parlamentario que corresponda.<\/p>\n<p>&nbsp;<\/p>\n<p>Entre los proyectos a ingresar est\u00e1 el <strong>presentado por vecinos de Sierras Bayas<\/strong> para exponer el <strong>rechazo a la destituci\u00f3n y solicitar la restituci\u00f3n de Guillermo Rikal como delegado de la localidad<\/strong>. El intendente Ezequiel Galli dispuso la salida del cargo el mes pasado y <a href=\"https:\/\/cdnoticias.com\/index.php\/2023\/08\/24\/mas-de-150-personas-se-manifestaron-en-sierras-bayas-y-pidieron-la-restitucion-del-delegado-rikal\/\" target=\"_blank\" rel=\"noopener\">varios vecinos organizaci\u00f3n una manifestaci\u00f3n para cuestionar la decisi\u00f3n<\/a>. El tema se tratar\u00e1 en las comisiones de Localidades y Legislaci\u00f3n.<\/p>\n<p>&nbsp;<\/p>\n<h2>En debate<\/h2>\n<p>&nbsp;<\/p>\n<p>Por otro lado, este jueves <strong>se pondr\u00e1n a consideraci\u00f3n 19 proyectos de ordenanza<\/strong> que fueron <strong>despachados por la comisi\u00f3n de Legislaci\u00f3n<\/strong>, entre ellos se destacan: donaciones de inmuebles a vecinos de Olavarr\u00eda, convalidaci\u00f3n de distintas licitaciones y la resoluci\u00f3n que distingue con el galard\u00f3n de Honor al M\u00e9rito Ciudadano a la joven deportista, Paloma Routaboul.<\/p>\n<p>&nbsp;<\/p>\n<p>Adem\u00e1s, el Concejo Deliberante tratar\u00e1<strong> 15 expedientes que ingresaron en t\u00e9rmino reglamentario<\/strong> y, por acuerdo de Labor Parlamentaria, no fueron despachados a la comisi\u00f3n.<\/p>\n<p>&nbsp;<\/p>\n<figure id=\"attachment_94058\" aria-describedby=\"caption-attachment-94058\" style=\"width: 800px\" class=\"wp-caption aligncenter\"><img data-recalc-dims=\"1\" loading=\"lazy\" decoding=\"async\" class=\"wp-image-94058 size-full\" src=\"https:\/\/i0.wp.com\/cdnoticias.com\/wp-content\/uploads\/2023\/08\/HCD-sesion-ordinaria-0.jpg?resize=800%2C445&#038;ssl=1\" alt=\"\" width=\"800\" height=\"445\" srcset=\"https:\/\/i0.wp.com\/cdnoticias.com\/wp-content\/uploads\/2023\/08\/HCD-sesion-ordinaria-0.jpg?w=800&amp;ssl=1 800w, https:\/\/i0.wp.com\/cdnoticias.com\/wp-content\/uploads\/2023\/08\/HCD-sesion-ordinaria-0.jpg?resize=300%2C167&amp;ssl=1 300w, https:\/\/i0.wp.com\/cdnoticias.com\/wp-content\/uploads\/2023\/08\/HCD-sesion-ordinaria-0.jpg?resize=768%2C427&amp;ssl=1 768w\" sizes=\"auto, (max-width: 800px) 100vw, 800px\" \/><figcaption id=\"caption-attachment-94058\" class=\"wp-caption-text\">Se espera una sesi\u00f3n con varios cruces e intercambios entre oficialismo y oposici\u00f3n.<\/figcaption><\/figure>\n<p>&nbsp;<\/p>\n<p>Varios de los proyectos incluidos para debate adelantan que ser\u00e1 una sesi\u00f3n con<strong> mucha discusi\u00f3n e intercambios entre el oficialismo y Uni\u00f3n por la Patria<\/strong>. Esta \u00faltima bancada present\u00f3, entre otros expedientes, un <strong>pedido de informe sobre la \u201cafectaci\u00f3n del fondo producido por la venta de la calle a la empresa Cementos Avellaneda\u201d<\/strong>. Cabe recordar que si bien se hab\u00edan conformado dos comisiones legislativas de seguimiento -una de la fondos y otra de las obras- <a href=\"https:\/\/cdnoticias.com\/index.php\/2022\/11\/17\/venta-de-calle-a-cementos-avellaneda-la-comision-de-seguimiento-advirtio-falta-de-informacion\/\" target=\"_blank\" rel=\"noopener\">dejaron de funcionar este a\u00f1o<\/a>.<\/p>\n<p>&nbsp;<\/p>\n<p>En tanto, <strong>el oficialismo impuls\u00f3 dos proyectos con solicitudes que dejan advertir cr\u00edticas la gesti\u00f3n provincial<\/strong>, a cargo de Uni\u00f3n por la Patria. Uno consiste en un <strong>pedido de \u201cactualizaci\u00f3n del presupuesto asignado al SAE 2023\u201d<\/strong> y el segundo es una <strong>manifestaci\u00f3n de \u201cpreocupaci\u00f3n por la situaci\u00f3n de los afiliados al IOMA y su funcionamiento\u201d<\/strong>.<\/p>\n<p>&nbsp;<\/p>\n<h2>Loteo en Sierras Bayas<\/h2>\n<p>&nbsp;<\/p>\n<p>Los \u00faltimos expedientes incorporados en el orden del d\u00eda refieren al<strong> loteo a realizarse en Sierras Bayas<\/strong>. <a href=\"https:\/\/cdnoticias.com\/index.php\/2023\/08\/17\/terrenos-de-eta-finalmente-se-firmo-el-convenio-para-generar-110-lotes-en-sierras-bayas\/\" target=\"_blank\" rel=\"noopener\">El 16 de agosto se dio a conocer que el intendente Ezequiel Galli firm\u00f3 un convenio con autoridades de Perforaciones del Sur S.A. (ETA)<\/a> que habilitar\u00e1 al Municipio a contar con 110 lotes para destinar a viviendas.<\/p>\n<p>&nbsp;<\/p>\n<p>Los terrenos fueron donados por la empresa hace varios a\u00f1os y la regularizaci\u00f3n reci\u00e9n pudo concretarse en los \u00faltimos meses. Desde la Direcci\u00f3n de Regularizaci\u00f3n Dominial se hab\u00eda informado que <strong>el nuevo convenio \u201cperfecciona las actuaciones administrativas iniciadas en 2017<\/strong>, que derivaron en la sanci\u00f3n de la ordenanza N\u00ba 4174\/17\u201d, aprobada en noviembre de aquel a\u00f1o.<\/p>\n<p>&nbsp;<\/p>\n<blockquote><p>En concreto, habr\u00e1 dos proyectos en tratamiento. El primero, justamente, retoma el expediente 349 de 2017 del Concejo Deliberante y consiste en la \u201caceptaci\u00f3n de donaci\u00f3n de bien inmueble determinado realizada por la firma Perforadores del Sur\u201d. En tanto, el segundo proyecto dispone el destino del sector, es decir que los terrenos queden afectados a construcci\u00f3n de viviendas.<\/p><\/blockquote>\n<p>&nbsp;<\/p>\n<figure id=\"attachment_93520\" aria-describedby=\"caption-attachment-93520\" style=\"width: 877px\" class=\"wp-caption aligncenter\"><img data-recalc-dims=\"1\" loading=\"lazy\" decoding=\"async\" class=\"wp-image-93520 size-full\" src=\"https:\/\/i0.wp.com\/cdnoticias.com\/wp-content\/uploads\/2023\/08\/terrenos-eta-sierras-bayas.jpg?resize=800%2C444&#038;ssl=1\" alt=\"\" width=\"800\" height=\"444\" srcset=\"https:\/\/i0.wp.com\/cdnoticias.com\/wp-content\/uploads\/2023\/08\/terrenos-eta-sierras-bayas.jpg?w=877&amp;ssl=1 877w, https:\/\/i0.wp.com\/cdnoticias.com\/wp-content\/uploads\/2023\/08\/terrenos-eta-sierras-bayas.jpg?resize=300%2C167&amp;ssl=1 300w, https:\/\/i0.wp.com\/cdnoticias.com\/wp-content\/uploads\/2023\/08\/terrenos-eta-sierras-bayas.jpg?resize=768%2C426&amp;ssl=1 768w, https:\/\/i0.wp.com\/cdnoticias.com\/wp-content\/uploads\/2023\/08\/terrenos-eta-sierras-bayas.jpg?resize=800%2C445&amp;ssl=1 800w\" sizes=\"auto, (max-width: 800px) 100vw, 800px\" \/><figcaption id=\"caption-attachment-93520\" class=\"wp-caption-text\">Los terrenos a urbanizar en Sierras Bayas.<\/figcaption><\/figure>\n<p>&nbsp;<\/p>\n<p>Tal como se explic\u00f3 previamente, <strong>la ordenanza 4147\/17<\/strong> contempla la donaci\u00f3n de los terrenos denominados \u201cCircunscripci\u00f3n VI, Parcela 214 V, con una superficie de 40.399 metros cuadrados\u201d. En esa misma normativa se estableci\u00f3 que la zona \u201cquedar\u00e1 afectada a la construcci\u00f3n de viviendas \u00fanicas y familiares para los vecinos de la localidad de Sierras Bayas\u201d.<\/p>\n<p>&nbsp;<\/p>\n<p>En esta nueva ordenanza, a tratarse durante la sesi\u00f3n del jueves, <strong>se ampl\u00eda la donaci\u00f3n a una porci\u00f3n mayor de superficie<\/strong>. Con ello, el Municipio y la Provincia avanzar\u00e1n en el Proyecto de Mensura y Divisi\u00f3n y se podr\u00e1 afectar el macizo al programa de Lotes con Servicios. <strong>La previsi\u00f3n es generar 116 parcelas, de las cuales 110 corresponder\u00edan a vivienda \u00fanica, unifamiliar y de car\u00e1cter permanente<\/strong>.<\/p>\n<p>&nbsp;<\/p>\n<p><strong>La 12\u00aa sesi\u00f3n ordinaria del Concejo Deliberante comenzar\u00e1 a las 9 de este jueves<\/strong> en el Sal\u00f3n de la Sociedad Espa\u00f1ola y ser\u00e1 transmitida en vivo por el canal de Youtube del HCD de Olavarr\u00eda.<\/p>\n<p>&nbsp;<\/p>\n","protected":false},"excerpt":{"rendered":"<p>La presidenta del HCD, Cecilia Krivochen, encabez\u00f3 la reuni\u00f3n de Labor Parlamentaria que fij\u00f3 el orden del d\u00eda para la<\/p>\n","protected":false},"author":4,"featured_media":95949,"comment_status":"closed","ping_status":"closed","sticky":false,"template":"","format":"standard","meta":{"_jetpack_memberships_contains_paid_content":false,"footnotes":""},"categories":[4,1],"tags":[],"class_list":["post-95948","post","type-post","status-publish","format-standard","has-post-thumbnail","hentry","category-politica","category-portada"],"jetpack_featured_media_url":"https:\/\/i0.wp.com\/cdnoticias.com\/wp-content\/uploads\/2023\/09\/HCD-labor-parlamentaria.jpg?fit=800%2C445&ssl=1","jetpack_sharing_enabled":true,"_links":{"self":[{"href":"https:\/\/cdnoticias.com\/index.php\/wp-json\/wp\/v2\/posts\/95948","targetHints":{"allow":["GET"]}}],"collection":[{"href":"https:\/\/cdnoticias.com\/index.php\/wp-json\/wp\/v2\/posts"}],"about":[{"href":"https:\/\/cdnoticias.com\/index.php\/wp-json\/wp\/v2\/types\/post"}],"author":[{"embeddable":true,"href":"https:\/\/cdnoticias.com\/index.php\/wp-json\/wp\/v2\/users\/4"}],"replies":[{"embeddable":true,"href":"https:\/\/cdnoticias.com\/index.php\/wp-json\/wp\/v2\/comments?post=95948"}],"version-history":[{"count":0,"href":"https:\/\/cdnoticias.com\/index.php\/wp-json\/wp\/v2\/posts\/95948\/revisions"}],"wp:featuredmedia":[{"embeddable":true,"href":"https:\/\/cdnoticias.com\/index.php\/wp-json\/wp\/v2\/media\/95949"}],"wp:attachment":[{"href":"https:\/\/cdnoticias.com\/index.php\/wp-json\/wp\/v2\/media?parent=95948"}],"wp:term":[{"taxonomy":"category","embeddable":true,"href":"https:\/\/cdnoticias.com\/index.php\/wp-json\/wp\/v2\/categories?post=95948"},{"taxonomy":"post_tag","embeddable":true,"href":"https:\/\/cdnoticias.com\/index.php\/wp-json\/wp\/v2\/tags?post=95948"}],"curies":[{"name":"wp","href":"https:\/\/api.w.org\/{rel}","templated":true}]}}