{"id":95924,"date":"2023-09-18T17:30:34","date_gmt":"2023-09-18T20:30:34","guid":{"rendered":"https:\/\/www.centraldenoticias.com.ar\/?p=95924"},"modified":"2023-09-18T17:30:34","modified_gmt":"2023-09-18T20:30:34","slug":"apoyo-escolar-en-los-centros-de-dia","status":"publish","type":"post","link":"https:\/\/cdnoticias.com\/index.php\/2023\/09\/18\/apoyo-escolar-en-los-centros-de-dia\/","title":{"rendered":"Apoyo escolar en los Centros de D\u00eda"},"content":{"rendered":"<p>Funcionan de lunes a viernes de 8 a 17 a contra turno de la escuela. Los ni\u00f1os y ni\u00f1as reciben clases de apoyo para que puedan alcanzar un buen desempe\u00f1o escolar.<!--more--><\/p>\n<hr \/>\n<p>En el <strong>Centro de D\u00eda N\u00ba 4<\/strong> se brindan clases de apoyo en matem\u00e1ticas con la finalidad de profundizar y reforzar conocimientos, como as\u00ed tambi\u00e9n distintas t\u00e9cnicas, m\u00e9todos de estudio, formulas y c\u00e1lculos.<\/p>\n<p>&nbsp;<\/p>\n<p>Los<strong> Centros de D\u00eda Municipales funcionan de lunes a viernes, de 8 a 17 horas, desdoblando la matr\u00edcula en dos<\/strong> (turno ma\u00f1ana y turno tarde). Los ni\u00f1os concurren a contra turno de la escuela. Cuentan con transporte para concurrir a los centros y a las escuelas, con las que se articula en pos de un fortalecimiento de sus trayectorias educativas.<\/p>\n<p>&nbsp;<\/p>\n<p>El aprendizaje se desarrolla mediante las vivencias y experiencias que d\u00eda a d\u00eda adquieren, y la visi\u00f3n de estos espacios est\u00e1 fuertemente vinculada a que el ni\u00f1o <strong>adquiera conocimientos por medio de actividades l\u00fadicas y did\u00e1cticas<\/strong>, para poder alcanzar un buen desempe\u00f1o escolar y social.<\/p>\n<p>&nbsp;<\/p>\n<p>Olavarr\u00eda cuenta con <strong>5 Centros de D\u00eda Municipale<\/strong>s -que dependen de la Subsecretar\u00eda de Desarrolla Social- donde se brinda contenci\u00f3n social y apoyo escolar a ni\u00f1os desde los 3 a los 15 a\u00f1os de edad, en pos de garantizar una atenci\u00f3n integral, promover el desarrollo de sus potencialidades y favorecer el proceso de aprendizaje y la creatividad.<\/p>\n<p>&nbsp;<\/p>\n<blockquote><p>En cada sede se realizan actividades planificadas en funci\u00f3n de las necesidades y requerimientos de de los ni\u00f1os\/as quienes incorporan, a partir de distintas propuestas pedag\u00f3gicas, valores y normas de convivencia.<\/p><\/blockquote>\n<p>&nbsp;<\/p>\n<p>Cada Centro cuenta con un coordinador, psic\u00f3loga, Trabajadora Social, Psicopedagoga, Nutricionista, Maestra de grado, Maestra Jardinera, Profesora de Artes pl\u00e1sticas, profesor de Educaci\u00f3n F\u00edsica, profesor de M\u00fasica, cocinera y auxiliar de limpieza, quienes cada d\u00eda trabajan en conjunto y buscan herramientas para lograr la contenci\u00f3n y socializaci\u00f3n.<\/p>\n","protected":false},"excerpt":{"rendered":"<p>Funcionan de lunes a viernes de 8 a 17 a contra turno de la escuela. Los ni\u00f1os y ni\u00f1as reciben<\/p>\n","protected":false},"author":2,"featured_media":95925,"comment_status":"closed","ping_status":"closed","sticky":false,"template":"","format":"standard","meta":{"_jetpack_memberships_contains_paid_content":false,"footnotes":""},"categories":[5,1],"tags":[],"class_list":["post-95924","post","type-post","status-publish","format-standard","has-post-thumbnail","hentry","category-informacion-general","category-portada"],"jetpack_featured_media_url":"https:\/\/i0.wp.com\/cdnoticias.com\/wp-content\/uploads\/2023\/09\/DH-Centro-Dia-Clases-Matematicas-3.jpg?fit=1772%2C1181&ssl=1","jetpack_sharing_enabled":true,"_links":{"self":[{"href":"https:\/\/cdnoticias.com\/index.php\/wp-json\/wp\/v2\/posts\/95924","targetHints":{"allow":["GET"]}}],"collection":[{"href":"https:\/\/cdnoticias.com\/index.php\/wp-json\/wp\/v2\/posts"}],"about":[{"href":"https:\/\/cdnoticias.com\/index.php\/wp-json\/wp\/v2\/types\/post"}],"author":[{"embeddable":true,"href":"https:\/\/cdnoticias.com\/index.php\/wp-json\/wp\/v2\/users\/2"}],"replies":[{"embeddable":true,"href":"https:\/\/cdnoticias.com\/index.php\/wp-json\/wp\/v2\/comments?post=95924"}],"version-history":[{"count":0,"href":"https:\/\/cdnoticias.com\/index.php\/wp-json\/wp\/v2\/posts\/95924\/revisions"}],"wp:featuredmedia":[{"embeddable":true,"href":"https:\/\/cdnoticias.com\/index.php\/wp-json\/wp\/v2\/media\/95925"}],"wp:attachment":[{"href":"https:\/\/cdnoticias.com\/index.php\/wp-json\/wp\/v2\/media?parent=95924"}],"wp:term":[{"taxonomy":"category","embeddable":true,"href":"https:\/\/cdnoticias.com\/index.php\/wp-json\/wp\/v2\/categories?post=95924"},{"taxonomy":"post_tag","embeddable":true,"href":"https:\/\/cdnoticias.com\/index.php\/wp-json\/wp\/v2\/tags?post=95924"}],"curies":[{"name":"wp","href":"https:\/\/api.w.org\/{rel}","templated":true}]}}