{"id":95919,"date":"2023-09-13T09:26:39","date_gmt":"2023-09-13T12:26:39","guid":{"rendered":"https:\/\/www.centraldenoticias.com.ar\/?p=95919"},"modified":"2023-09-13T10:31:54","modified_gmt":"2023-09-13T13:31:54","slug":"ahora-si-javier-milei-llega-el-viernes-a-olavarria","status":"publish","type":"post","link":"https:\/\/cdnoticias.com\/index.php\/2023\/09\/13\/ahora-si-javier-milei-llega-el-viernes-a-olavarria\/","title":{"rendered":"Ahora s\u00ed: Javier Milei llega el viernes a Olavarr\u00eda"},"content":{"rendered":"<p>Desde Ahora Olavarr\u00eda se confirm\u00f3 que el candidato presidencial estar\u00e1 en la ciudad al mediod\u00eda. La candidata a la gobernaci\u00f3n, Carolina P\u00edparo, se suma a la caravana.<\/p>\n<p><!--more--><\/p>\n<hr \/>\n<p>Tras el anuncio y cambio de agenda, <strong>volvi\u00f3 a confirmarse: Javier Milei estar\u00e1 el viernes en Olavarr\u00eda.<\/strong><\/p>\n<p>&nbsp;<\/p>\n<p>El candidato presidencial de La Libertad Avanza, y ganador de las PASO,<strong> encabezar\u00e1 una caravana por el centro<\/strong> de Olavarr\u00eda el viernes desde las 12.<\/p>\n<p>&nbsp;<\/p>\n<p><img data-recalc-dims=\"1\" loading=\"lazy\" decoding=\"async\" class=\"size-full wp-image-95920 aligncenter\" src=\"https:\/\/i0.wp.com\/cdnoticias.com\/wp-content\/uploads\/2023\/09\/milei-en-olavarria-00.jpg?resize=800%2C796&#038;ssl=1\" alt=\"\" width=\"800\" height=\"796\" srcset=\"https:\/\/i0.wp.com\/cdnoticias.com\/wp-content\/uploads\/2023\/09\/milei-en-olavarria-00.jpg?w=800&amp;ssl=1 800w, https:\/\/i0.wp.com\/cdnoticias.com\/wp-content\/uploads\/2023\/09\/milei-en-olavarria-00.jpg?resize=300%2C300&amp;ssl=1 300w, https:\/\/i0.wp.com\/cdnoticias.com\/wp-content\/uploads\/2023\/09\/milei-en-olavarria-00.jpg?resize=150%2C150&amp;ssl=1 150w, https:\/\/i0.wp.com\/cdnoticias.com\/wp-content\/uploads\/2023\/09\/milei-en-olavarria-00.jpg?resize=768%2C764&amp;ssl=1 768w\" sizes=\"auto, (max-width: 800px) 100vw, 800px\" \/><\/p>\n<p>&nbsp;<\/p>\n<blockquote><p>Ahora Olavarr\u00eda, la agrupaci\u00f3n local que integra La Libertad Avanza inform\u00f3 la visita de Javier Milei junto a la candidata a la gobernaci\u00f3n, Carolina P\u00edparo: \u201cel arribo est\u00e1 previsto para las 12:00 en San Martin y Vicente L\u00f3pez, para hacer una caravana hasta la calle Sargento Cabral\u201d.<\/p><\/blockquote>\n<p>&nbsp;<\/p>\n<p>Ser\u00e1n recibidos por la <strong>candidata local, Celeste Arouxet<\/strong>, quien result\u00f3 la segunda candidata m\u00e1s votada en las PASO de Olavarr\u00eda.<\/p>\n","protected":false},"excerpt":{"rendered":"<p>Desde Ahora Olavarr\u00eda se confirm\u00f3 que el candidato presidencial estar\u00e1 en la ciudad al mediod\u00eda. La candidata a la gobernaci\u00f3n,<\/p>\n","protected":false},"author":4,"featured_media":95718,"comment_status":"closed","ping_status":"closed","sticky":false,"template":"","format":"standard","meta":{"_jetpack_memberships_contains_paid_content":false,"footnotes":""},"categories":[4,1],"tags":[],"class_list":["post-95919","post","type-post","status-publish","format-standard","has-post-thumbnail","hentry","category-politica","category-portada"],"jetpack_featured_media_url":"https:\/\/i0.wp.com\/cdnoticias.com\/wp-content\/uploads\/2023\/09\/javier-milei.jpg?fit=800%2C450&ssl=1","jetpack_sharing_enabled":true,"_links":{"self":[{"href":"https:\/\/cdnoticias.com\/index.php\/wp-json\/wp\/v2\/posts\/95919","targetHints":{"allow":["GET"]}}],"collection":[{"href":"https:\/\/cdnoticias.com\/index.php\/wp-json\/wp\/v2\/posts"}],"about":[{"href":"https:\/\/cdnoticias.com\/index.php\/wp-json\/wp\/v2\/types\/post"}],"author":[{"embeddable":true,"href":"https:\/\/cdnoticias.com\/index.php\/wp-json\/wp\/v2\/users\/4"}],"replies":[{"embeddable":true,"href":"https:\/\/cdnoticias.com\/index.php\/wp-json\/wp\/v2\/comments?post=95919"}],"version-history":[{"count":0,"href":"https:\/\/cdnoticias.com\/index.php\/wp-json\/wp\/v2\/posts\/95919\/revisions"}],"wp:featuredmedia":[{"embeddable":true,"href":"https:\/\/cdnoticias.com\/index.php\/wp-json\/wp\/v2\/media\/95718"}],"wp:attachment":[{"href":"https:\/\/cdnoticias.com\/index.php\/wp-json\/wp\/v2\/media?parent=95919"}],"wp:term":[{"taxonomy":"category","embeddable":true,"href":"https:\/\/cdnoticias.com\/index.php\/wp-json\/wp\/v2\/categories?post=95919"},{"taxonomy":"post_tag","embeddable":true,"href":"https:\/\/cdnoticias.com\/index.php\/wp-json\/wp\/v2\/tags?post=95919"}],"curies":[{"name":"wp","href":"https:\/\/api.w.org\/{rel}","templated":true}]}}