{"id":95915,"date":"2023-09-13T10:31:29","date_gmt":"2023-09-13T13:31:29","guid":{"rendered":"https:\/\/www.centraldenoticias.com.ar\/?p=95915"},"modified":"2023-09-13T10:58:30","modified_gmt":"2023-09-13T13:58:30","slug":"manifestacion-de-la-unidad-piquetera-piden-ser-recibidos-por-guillermina-amespil","status":"publish","type":"post","link":"https:\/\/cdnoticias.com\/index.php\/2023\/09\/13\/manifestacion-de-la-unidad-piquetera-piden-ser-recibidos-por-guillermina-amespil\/","title":{"rendered":"Manifestaci\u00f3n de la Unidad Piquetera: Piden ser recibidos por Guillermina Amespil"},"content":{"rendered":"<p>\u201cAmespil deber\u00eda recibirnos y dar respuesta a la problem\u00e1tica social\u201d, indicaron. Se manifestar\u00e1n este jueves en la Plaza Central en el marco de una jornada de lucha nacional.<!--more--><\/p>\n<hr \/>\n<p>Las organizaciones que integran la Unidad Piquetera en Olavarr\u00eda indicaron que se manifestar\u00e1n el pr\u00f3ximo jueves <strong>14 de septiembre<\/strong> a las 10:00 en la Plaza Central, en el marco de una jornada nacional con la consigna <strong>\u201cAbajo el ajuste de Massa y el FMI, contra la ofensiva de Milei y la derecha\u201d.<\/strong><\/p>\n<p>&nbsp;<\/p>\n<p>En ese contexto, entregar\u00e1n tambi\u00e9n una <strong>carta dirigida a la secretaria de Desarrollo Humano y Calidad de Vida, Guillermina Amespil<\/strong> \u201cpara tener una urgente reuni\u00f3n donde poder abordar qu\u00e9 respuestas piensa dar ante los reclamos presentados y las situaciones que viven las vecinas y vecinos de los barrios\u201d.<\/p>\n<p>&nbsp;<\/p>\n<p>Afirmaron que la salida de Diego Robbiani \u201cno responde a una sincera y concreta autocr\u00edtica de esta gesti\u00f3n sino a una estrategia electoral. De nada sirve echar al funcionario pidi\u00e9ndole que \u201crenuncie\u201d como para no acabar con su \u201ccarrera\u201d de un solo saque, cuando en realidad <strong>no se cambian las pol\u00edticas de fondo que llevaron a que la cartera sea tan criticada.<\/strong> Porque no son solo los hechos de corrupci\u00f3n que se fueron descubriendo y tomando estado p\u00fablico sino que lo m\u00e1s constante y grave es la falta de una pol\u00edtica social concreta para los sectores que m\u00e1s lo necesitan\u201d.<\/p>\n<p>&nbsp;<\/p>\n<blockquote><p>Indicaron que Amespil \u201cpareciera seguir en la misma l\u00ednea debido a que a\u00fan no ha convocado a las organizaciones sociales que estamos en los barrios dando la lucha a todas las problem\u00e1ticas a las que deber\u00eda abocarse\u201d.<\/p><\/blockquote>\n<p>&nbsp;<\/p>\n<p>Adem\u00e1s, se\u00f1alaron que \u201cla nueva funcionaria puede seguir escud\u00e1ndose, como lo hac\u00eda quien la precedi\u00f3, en la evidente responsabilidad de los gobiernos nacional y provincial que son culpables del feroz ajuste al bolsillo popular y al presupuesto de desarrollo social, de la inflaci\u00f3n y el crecimiento de la pobreza, o puede tomar una actitud diferente para<strong> abordar desde lo local las problem\u00e1ticas que est\u00e1n sin resolverse<\/strong> incluso desde cuando su mismo color pol\u00edtico era el gobierno nacional y provincial\u201d.<\/p>\n<p>&nbsp;<\/p>\n<p>Destacaron que \u201cdespu\u00e9s de muchas jornadas de lucha, desde la Unidad Piquetera hab\u00edamos logrado un canal de di\u00e1logo con la secretar\u00eda y quienes dirigen las distintas \u00e1reas que deber\u00eda<strong> mantenerse y profundizarse en esta nueva gesti\u00f3n<\/strong>\u201d.<\/p>\n<p>&nbsp;<\/p>\n<p>Entre los puntos que se exige son trabajo genuino; asistencia integral a los comedores populares de los barrios; duplicaci\u00f3n del monto otorgado por el Programa Alimentario Municipal (tarjeta Cabal) y ampliaci\u00f3n para productos de higiene y otras necesidades; entrega de subsidios de alquiler y aumento de los montos y topes; entrega de materiales de construcci\u00f3n para las familias y abordaje de la crisis habitacional; asistencia inmediata ante situaciones de violencia de g\u00e9nero.<\/p>\n","protected":false},"excerpt":{"rendered":"<p>\u201cAmespil deber\u00eda recibirnos y dar respuesta a la problem\u00e1tica social\u201d, indicaron. Se manifestar\u00e1n este jueves en la Plaza Central en<\/p>\n","protected":false},"author":2,"featured_media":62031,"comment_status":"closed","ping_status":"closed","sticky":false,"template":"","format":"standard","meta":{"_jetpack_memberships_contains_paid_content":false,"footnotes":""},"categories":[5,1],"tags":[],"class_list":["post-95915","post","type-post","status-publish","format-standard","has-post-thumbnail","hentry","category-informacion-general","category-portada"],"jetpack_featured_media_url":"https:\/\/i0.wp.com\/cdnoticias.com\/wp-content\/uploads\/2022\/08\/manifestacion-unidad-piquetera-FOL-polo-obrero-1.jpeg?fit=1600%2C1200&ssl=1","jetpack_sharing_enabled":true,"_links":{"self":[{"href":"https:\/\/cdnoticias.com\/index.php\/wp-json\/wp\/v2\/posts\/95915","targetHints":{"allow":["GET"]}}],"collection":[{"href":"https:\/\/cdnoticias.com\/index.php\/wp-json\/wp\/v2\/posts"}],"about":[{"href":"https:\/\/cdnoticias.com\/index.php\/wp-json\/wp\/v2\/types\/post"}],"author":[{"embeddable":true,"href":"https:\/\/cdnoticias.com\/index.php\/wp-json\/wp\/v2\/users\/2"}],"replies":[{"embeddable":true,"href":"https:\/\/cdnoticias.com\/index.php\/wp-json\/wp\/v2\/comments?post=95915"}],"version-history":[{"count":0,"href":"https:\/\/cdnoticias.com\/index.php\/wp-json\/wp\/v2\/posts\/95915\/revisions"}],"wp:featuredmedia":[{"embeddable":true,"href":"https:\/\/cdnoticias.com\/index.php\/wp-json\/wp\/v2\/media\/62031"}],"wp:attachment":[{"href":"https:\/\/cdnoticias.com\/index.php\/wp-json\/wp\/v2\/media?parent=95915"}],"wp:term":[{"taxonomy":"category","embeddable":true,"href":"https:\/\/cdnoticias.com\/index.php\/wp-json\/wp\/v2\/categories?post=95915"},{"taxonomy":"post_tag","embeddable":true,"href":"https:\/\/cdnoticias.com\/index.php\/wp-json\/wp\/v2\/tags?post=95915"}],"curies":[{"name":"wp","href":"https:\/\/api.w.org\/{rel}","templated":true}]}}