{"id":95911,"date":"2023-09-13T08:30:29","date_gmt":"2023-09-13T11:30:29","guid":{"rendered":"https:\/\/www.centraldenoticias.com.ar\/?p=95911"},"modified":"2023-09-13T09:10:46","modified_gmt":"2023-09-13T12:10:46","slug":"marcelo-alejandro-pineyro-q-e-p-d","status":"publish","type":"post","link":"https:\/\/cdnoticias.com\/index.php\/2023\/09\/13\/marcelo-alejandro-pineyro-q-e-p-d\/","title":{"rendered":"Marcelo Alejandro Pi\u00f1eyro (Q.E.P.D.)"},"content":{"rendered":"<p>Falleci\u00f3 en Olavarr\u00eda el 12 de septiembre de 2023 a los 67 a\u00f1os de edad. Su esposa Rosa Mabel Di Buono; sus hijas Mar\u00eda Virginia y Alejandra Gabriela Pi\u00f1eyro; su hijo pol\u00edtico Maximiliano Maradeo; su nieto Hern\u00e1n; sus hermanos Fabi\u00e1n y Amaro Pi\u00f1eyro; sus hermanas pol\u00edticas, sobrinos; su suegro Antonio Felipe Di Buono; su cu\u00f1ado Daniel Pradas y dem\u00e1s deudos participan su fallecimiento.<\/p>\n<p>&nbsp;<\/p>\n<p>Sus restos son velados en Espa\u00f1a 2942, Departamento &#8220;F&#8221; (finaliza a las 17:00) y ser\u00e1n cremados en Crematorio Pinos de Paz en d\u00eda y horario a confirmar. Servicio adherido a Coopelectric. Vecino de Microcentro. Veterinario.<\/p>\n","protected":false},"excerpt":{"rendered":"<p>Falleci\u00f3 en Olavarr\u00eda el 12 de septiembre de 2023 a los 67 a\u00f1os de edad. Su esposa Rosa Mabel Di<\/p>\n","protected":false},"author":2,"featured_media":67646,"comment_status":"closed","ping_status":"closed","sticky":false,"template":"","format":"standard","meta":{"_jetpack_memberships_contains_paid_content":false,"footnotes":""},"categories":[10],"tags":[],"class_list":["post-95911","post","type-post","status-publish","format-standard","has-post-thumbnail","hentry","category-necrologicas"],"jetpack_featured_media_url":"https:\/\/i0.wp.com\/cdnoticias.com\/wp-content\/uploads\/2022\/10\/necrologicas-390-x-240.jpg?fit=390%2C240&ssl=1","jetpack_sharing_enabled":true,"_links":{"self":[{"href":"https:\/\/cdnoticias.com\/index.php\/wp-json\/wp\/v2\/posts\/95911","targetHints":{"allow":["GET"]}}],"collection":[{"href":"https:\/\/cdnoticias.com\/index.php\/wp-json\/wp\/v2\/posts"}],"about":[{"href":"https:\/\/cdnoticias.com\/index.php\/wp-json\/wp\/v2\/types\/post"}],"author":[{"embeddable":true,"href":"https:\/\/cdnoticias.com\/index.php\/wp-json\/wp\/v2\/users\/2"}],"replies":[{"embeddable":true,"href":"https:\/\/cdnoticias.com\/index.php\/wp-json\/wp\/v2\/comments?post=95911"}],"version-history":[{"count":0,"href":"https:\/\/cdnoticias.com\/index.php\/wp-json\/wp\/v2\/posts\/95911\/revisions"}],"wp:featuredmedia":[{"embeddable":true,"href":"https:\/\/cdnoticias.com\/index.php\/wp-json\/wp\/v2\/media\/67646"}],"wp:attachment":[{"href":"https:\/\/cdnoticias.com\/index.php\/wp-json\/wp\/v2\/media?parent=95911"}],"wp:term":[{"taxonomy":"category","embeddable":true,"href":"https:\/\/cdnoticias.com\/index.php\/wp-json\/wp\/v2\/categories?post=95911"},{"taxonomy":"post_tag","embeddable":true,"href":"https:\/\/cdnoticias.com\/index.php\/wp-json\/wp\/v2\/tags?post=95911"}],"curies":[{"name":"wp","href":"https:\/\/api.w.org\/{rel}","templated":true}]}}