{"id":95859,"date":"2023-09-18T12:24:27","date_gmt":"2023-09-18T15:24:27","guid":{"rendered":"https:\/\/www.centraldenoticias.com.ar\/?p=95859"},"modified":"2023-09-18T12:24:27","modified_gmt":"2023-09-18T15:24:27","slug":"nueva-edicion-del-taller-de-compostaje","status":"publish","type":"post","link":"https:\/\/cdnoticias.com\/index.php\/2023\/09\/18\/nueva-edicion-del-taller-de-compostaje\/","title":{"rendered":"Nueva edici\u00f3n del taller de compostaje"},"content":{"rendered":"<p>Se llevar\u00e1 a cabo el 19 de septiembre en el predio de Bioparque La M\u00e1xima. Los cupos ser\u00e1n limitados, habr\u00e1 una inscripci\u00f3n previa con formulario y se realizaran sorteos para los participantes.<\/p>\n<p><!--more--><\/p>\n<hr \/>\n<p>La <strong>Direcci\u00f3n de Desarrollo Sustentable de la Municipalidad<\/strong> de Olavarr\u00eda llevara a cabo un<strong> taller de compostaje<\/strong>. Tendr\u00e1 lugar el <strong>19 de septiembre<\/strong> a las <strong>18 horas <\/strong>en el predio del <strong>Bioparque La M\u00e1xima.<\/strong><\/p>\n<p>&nbsp;<\/p>\n<p>La propuesta surgi\u00f3 debido a la alta demanda de la edici\u00f3n anterior, en la que muchas personas no llegaron a inscribirse.<\/p>\n<p>&nbsp;<\/p>\n<p><img data-recalc-dims=\"1\" loading=\"lazy\" decoding=\"async\" class=\"alignnone size-full wp-image-68742\" src=\"https:\/\/i0.wp.com\/cdnoticias.com\/wp-content\/uploads\/2022\/10\/DS-Compostaje-GIRO.jpg?resize=565%2C372&#038;ssl=1\" alt=\"\" width=\"565\" height=\"372\" srcset=\"https:\/\/i0.wp.com\/cdnoticias.com\/wp-content\/uploads\/2022\/10\/DS-Compostaje-GIRO.jpg?w=565&amp;ssl=1 565w, https:\/\/i0.wp.com\/cdnoticias.com\/wp-content\/uploads\/2022\/10\/DS-Compostaje-GIRO.jpg?resize=300%2C198&amp;ssl=1 300w\" sizes=\"auto, (max-width: 565px) 100vw, 565px\" \/><\/p>\n<p>&nbsp;<\/p>\n<p>Para participar del taller se deber\u00e1 estar atento porqu<strong>e los cupos son limitados y habr\u00e1 una \u00a0inscripci\u00f3n previa<\/strong> a trav\u00e9s de <a href=\"https:\/\/docs.google.com\/forms\/d\/e\/1FAIpQLSdZ0fy1PNIuLqmg9iG36UB93NbRR7AcHGWfjetnN-cjQVjS8w\/viewform\" target=\"_blank\" rel=\"noopener\">este link<\/a>.<\/p>\n<p>&nbsp;<\/p>\n<p>Adem\u00e1s, quienes participen tendr\u00e1n la posibilidad de\u00a0 ser parte de <strong>sorteos de n\u00facleos de lombrices, de tachos para org\u00e1nicos y una compostera.<\/strong><\/p>\n","protected":false},"excerpt":{"rendered":"<p>Se llevar\u00e1 a cabo el 19 de septiembre en el predio de Bioparque La M\u00e1xima. Los cupos ser\u00e1n limitados, habr\u00e1<\/p>\n","protected":false},"author":2,"featured_media":81026,"comment_status":"closed","ping_status":"closed","sticky":false,"template":"","format":"standard","meta":{"_jetpack_memberships_contains_paid_content":false,"footnotes":""},"categories":[5,1],"tags":[],"class_list":["post-95859","post","type-post","status-publish","format-standard","has-post-thumbnail","hentry","category-informacion-general","category-portada"],"jetpack_featured_media_url":"https:\/\/i0.wp.com\/cdnoticias.com\/wp-content\/uploads\/2023\/03\/istockphoto-1312083152-612x612-1.jpg?fit=612%2C275&ssl=1","jetpack_sharing_enabled":true,"_links":{"self":[{"href":"https:\/\/cdnoticias.com\/index.php\/wp-json\/wp\/v2\/posts\/95859","targetHints":{"allow":["GET"]}}],"collection":[{"href":"https:\/\/cdnoticias.com\/index.php\/wp-json\/wp\/v2\/posts"}],"about":[{"href":"https:\/\/cdnoticias.com\/index.php\/wp-json\/wp\/v2\/types\/post"}],"author":[{"embeddable":true,"href":"https:\/\/cdnoticias.com\/index.php\/wp-json\/wp\/v2\/users\/2"}],"replies":[{"embeddable":true,"href":"https:\/\/cdnoticias.com\/index.php\/wp-json\/wp\/v2\/comments?post=95859"}],"version-history":[{"count":0,"href":"https:\/\/cdnoticias.com\/index.php\/wp-json\/wp\/v2\/posts\/95859\/revisions"}],"wp:featuredmedia":[{"embeddable":true,"href":"https:\/\/cdnoticias.com\/index.php\/wp-json\/wp\/v2\/media\/81026"}],"wp:attachment":[{"href":"https:\/\/cdnoticias.com\/index.php\/wp-json\/wp\/v2\/media?parent=95859"}],"wp:term":[{"taxonomy":"category","embeddable":true,"href":"https:\/\/cdnoticias.com\/index.php\/wp-json\/wp\/v2\/categories?post=95859"},{"taxonomy":"post_tag","embeddable":true,"href":"https:\/\/cdnoticias.com\/index.php\/wp-json\/wp\/v2\/tags?post=95859"}],"curies":[{"name":"wp","href":"https:\/\/api.w.org\/{rel}","templated":true}]}}