{"id":95847,"date":"2023-09-12T19:00:49","date_gmt":"2023-09-12T22:00:49","guid":{"rendered":"https:\/\/www.centraldenoticias.com.ar\/?p=95847"},"modified":"2023-09-12T19:00:49","modified_gmt":"2023-09-12T22:00:49","slug":"cambio-de-sede-del-caps-7-por-obra-de-ampliacion","status":"publish","type":"post","link":"https:\/\/cdnoticias.com\/index.php\/2023\/09\/12\/cambio-de-sede-del-caps-7-por-obra-de-ampliacion\/","title":{"rendered":"Cambio de sede del CAPS 7 por obra de ampliaci\u00f3n"},"content":{"rendered":"<p>Se solicit\u00f3 a la comunidad del barrio que entre el 13 y el 19 de septiembre -por urgencias- concurra al Hospital Municipal, al Centro de Atenci\u00f3n m\u00e1s cercano o se comuniquen al 107.<!--more--><\/p>\n<hr \/>\n<p>La obra de ampliaci\u00f3n y mejora del <strong>Centro de Atenci\u00f3n Primaria de la Salud N\u00b0 7,<\/strong> ubicado en avenida Pueyrred\u00f3n y Ayacucho, en el barrio Independencia, cuenta con un notorio grado de avance. Por este motivo, <strong>la sala estar\u00e1 cerrada desde este mi\u00e9rcoles 13 de septiembre<\/strong> (por tareas de reestructuraci\u00f3n de mobiliario e insumos) y el <strong>martes 19 de septiembre<\/strong> comenzar\u00e1 la atenci\u00f3n en las instalaciones del Servicio Territorial Municipal N.\u00ba 2 (Coronel Su\u00e1rez y Alberdi).<\/p>\n<p>&nbsp;<\/p>\n<blockquote><p>Se solicita a la comunidad del barrio que entre el 13 y el 19 de septiembre -por urgencias- concurra al Hospital Municipal, al Centro de Atenci\u00f3n m\u00e1s cercano o se comuniquen al 107.<\/p><\/blockquote>\n<p>&nbsp;<\/p>\n<p>En este sentido, la directora de Atenci\u00f3n Primaria de la Salud <strong>Virginia Draghi,<\/strong> sostuvo que el proyecto de ampliaci\u00f3n \u201c<em>mejorar\u00e1 las condiciones en la sala. Es un CAPS que absorbe much\u00edsima demanda y descomprime notablemente las consultas en el Hospital Municipal.<\/em> <em>En este CAPS trabajamos con una planificaci\u00f3n que descentraliza la atenci\u00f3n y ofrece una atenci\u00f3n de calidad a los vecinos, con un gran grupo profesional que cuenta con m\u00e9dicos generalistas, psic\u00f3logo, nutricionista y odont\u00f3logo, entre otros\u201d.\u00a0<\/em><\/p>\n<p>&nbsp;<\/p>\n<p>La obra de ampliaci\u00f3n consta de 140 metros cuadrados cubiertos nuevos, los cuales se distribuir\u00e1n en 5 consultorios, salas de espera, circulaci\u00f3n t\u00e9cnica, vestuario del personal del servicio y la oficina de la polic\u00eda, que hoy funciona en un modulo\/contenedor.<\/p>\n","protected":false},"excerpt":{"rendered":"<p>Se solicit\u00f3 a la comunidad del barrio que entre el 13 y el 19 de septiembre -por urgencias- concurra al<\/p>\n","protected":false},"author":6,"featured_media":95848,"comment_status":"closed","ping_status":"closed","sticky":false,"template":"","format":"standard","meta":{"_jetpack_memberships_contains_paid_content":false,"footnotes":""},"categories":[5,1],"tags":[],"class_list":["post-95847","post","type-post","status-publish","format-standard","has-post-thumbnail","hentry","category-informacion-general","category-portada"],"jetpack_featured_media_url":"https:\/\/i0.wp.com\/cdnoticias.com\/wp-content\/uploads\/2023\/09\/Obras-Ampliacion-Caps-N%C2%B07-3-1024x685-1.jpg?fit=1024%2C685&ssl=1","jetpack_sharing_enabled":true,"_links":{"self":[{"href":"https:\/\/cdnoticias.com\/index.php\/wp-json\/wp\/v2\/posts\/95847","targetHints":{"allow":["GET"]}}],"collection":[{"href":"https:\/\/cdnoticias.com\/index.php\/wp-json\/wp\/v2\/posts"}],"about":[{"href":"https:\/\/cdnoticias.com\/index.php\/wp-json\/wp\/v2\/types\/post"}],"author":[{"embeddable":true,"href":"https:\/\/cdnoticias.com\/index.php\/wp-json\/wp\/v2\/users\/6"}],"replies":[{"embeddable":true,"href":"https:\/\/cdnoticias.com\/index.php\/wp-json\/wp\/v2\/comments?post=95847"}],"version-history":[{"count":0,"href":"https:\/\/cdnoticias.com\/index.php\/wp-json\/wp\/v2\/posts\/95847\/revisions"}],"wp:featuredmedia":[{"embeddable":true,"href":"https:\/\/cdnoticias.com\/index.php\/wp-json\/wp\/v2\/media\/95848"}],"wp:attachment":[{"href":"https:\/\/cdnoticias.com\/index.php\/wp-json\/wp\/v2\/media?parent=95847"}],"wp:term":[{"taxonomy":"category","embeddable":true,"href":"https:\/\/cdnoticias.com\/index.php\/wp-json\/wp\/v2\/categories?post=95847"},{"taxonomy":"post_tag","embeddable":true,"href":"https:\/\/cdnoticias.com\/index.php\/wp-json\/wp\/v2\/tags?post=95847"}],"curies":[{"name":"wp","href":"https:\/\/api.w.org\/{rel}","templated":true}]}}