{"id":9584,"date":"2020-12-21T19:35:23","date_gmt":"2020-12-21T22:35:23","guid":{"rendered":"http:\/\/www.centraldenoticias.com.ar\/?p=9584"},"modified":"2020-12-21T20:06:24","modified_gmt":"2020-12-21T23:06:24","slug":"este-lunes-fallecio-una-paciente-con-covid-19","status":"publish","type":"post","link":"https:\/\/cdnoticias.com\/index.php\/2020\/12\/21\/este-lunes-fallecio-una-paciente-con-covid-19\/","title":{"rendered":"Este lunes falleci\u00f3 una paciente con Covid-19"},"content":{"rendered":"<p>&nbsp;<\/p>\n<p>La mujer ten\u00eda 74 a\u00f1os y se encontraba internada en el Hospital Municipal \u201cDr. H\u00e9ctor Cura\u201d. Adem\u00e1s, se registraron 75 nuevos casos que corresponden a personal de seguridad, por reuniones sociales y a nexos con positivos anteriores.<!--more--><\/p>\n<hr \/>\n<p>La secretar\u00eda de Salud del Gobierno Municipal inform\u00f3<strong> este lunes que falleci\u00f3 una paciente que hab\u00eda dado positivo para Covid-19.<\/strong><\/p>\n<p>&nbsp;<\/p>\n<p>Seg\u00fan indicaron, se trata de una<strong> mujer de 74 a\u00f1os que estaba internada en la Unidad de Terapia Intensiva<\/strong> del Hospital Municipal \u201cDr. H\u00e9ctor Cura\u201d y presentaba comorbilidades previas.<\/p>\n<p>&nbsp;<\/p>\n<p>De esta forma el n\u00famero de fallecidos desde el inicio de la pandemia asciende a <strong>91 personas.<\/strong><\/p>\n<p>&nbsp;<\/p>\n<p>El intendente Ezequiel Galli y la Municipalidad de Olavarr\u00eda enviaron condolencias a los familiares y amigos de la persona fallecida.<\/p>\n<p>&nbsp;<\/p>\n<p>Adem\u00e1s, se inform\u00f3 que durante la jornada <a href=\"https:\/\/cdnoticias.com\/index.php\/2020\/12\/21\/covid-19-se-registraron-75-nuevos-casos-la-marca-mas-alta-del-mes\/\" target=\"_blank\" rel=\"noopener\">se registraron 75 nuevos casos de Covid-19<\/a> que corresponden a personal de seguridad, por reuniones sociales y a nexos con positivos anteriores.<\/p>\n","protected":false},"excerpt":{"rendered":"<p>&nbsp; La mujer ten\u00eda 74 a\u00f1os y se encontraba internada en el Hospital Municipal \u201cDr. H\u00e9ctor Cura\u201d. Adem\u00e1s, se registraron<\/p>\n","protected":false},"author":5,"featured_media":1091,"comment_status":"closed","ping_status":"closed","sticky":false,"template":"","format":"standard","meta":{"_jetpack_memberships_contains_paid_content":false,"footnotes":""},"categories":[5,1],"tags":[],"class_list":["post-9584","post","type-post","status-publish","format-standard","has-post-thumbnail","hentry","category-informacion-general","category-portada"],"jetpack_featured_media_url":"https:\/\/i0.wp.com\/cdnoticias.com\/wp-content\/uploads\/2020\/09\/HospitalMunicipal03.jpg?fit=4608%2C3072&ssl=1","jetpack_sharing_enabled":true,"_links":{"self":[{"href":"https:\/\/cdnoticias.com\/index.php\/wp-json\/wp\/v2\/posts\/9584","targetHints":{"allow":["GET"]}}],"collection":[{"href":"https:\/\/cdnoticias.com\/index.php\/wp-json\/wp\/v2\/posts"}],"about":[{"href":"https:\/\/cdnoticias.com\/index.php\/wp-json\/wp\/v2\/types\/post"}],"author":[{"embeddable":true,"href":"https:\/\/cdnoticias.com\/index.php\/wp-json\/wp\/v2\/users\/5"}],"replies":[{"embeddable":true,"href":"https:\/\/cdnoticias.com\/index.php\/wp-json\/wp\/v2\/comments?post=9584"}],"version-history":[{"count":0,"href":"https:\/\/cdnoticias.com\/index.php\/wp-json\/wp\/v2\/posts\/9584\/revisions"}],"wp:featuredmedia":[{"embeddable":true,"href":"https:\/\/cdnoticias.com\/index.php\/wp-json\/wp\/v2\/media\/1091"}],"wp:attachment":[{"href":"https:\/\/cdnoticias.com\/index.php\/wp-json\/wp\/v2\/media?parent=9584"}],"wp:term":[{"taxonomy":"category","embeddable":true,"href":"https:\/\/cdnoticias.com\/index.php\/wp-json\/wp\/v2\/categories?post=9584"},{"taxonomy":"post_tag","embeddable":true,"href":"https:\/\/cdnoticias.com\/index.php\/wp-json\/wp\/v2\/tags?post=9584"}],"curies":[{"name":"wp","href":"https:\/\/api.w.org\/{rel}","templated":true}]}}