{"id":95833,"date":"2023-09-12T16:21:47","date_gmt":"2023-09-12T19:21:47","guid":{"rendered":"https:\/\/www.centraldenoticias.com.ar\/?p=95833"},"modified":"2023-09-12T16:21:47","modified_gmt":"2023-09-12T19:21:47","slug":"hcd-martin-endere-asumio-como-presidente-de-legislacion","status":"publish","type":"post","link":"https:\/\/cdnoticias.com\/index.php\/2023\/09\/12\/hcd-martin-endere-asumio-como-presidente-de-legislacion\/","title":{"rendered":"HCD: Mart\u00edn Endere asumi\u00f3 como presidente de Legislaci\u00f3n"},"content":{"rendered":"<p>El jefe de la bancada de Juntos reemplaza a Guillermina Amespil en la presidencia de la comisi\u00f3n. El jueves sesionar\u00e1 el Concejo.<\/p>\n<p><!--more--><\/p>\n<hr \/>\n<p><strong>Mart\u00edn Endere (Juntos)<\/strong> ejercer\u00e1 la<strong> presidencia de la comisi\u00f3n interna y permanente de Legislaci\u00f3n<\/strong> en reemplazo de la concejal en uso de licencia Guillermina Amespil.<\/p>\n<p>&nbsp;<\/p>\n<p>Endere encabez\u00f3 este martes la reuni\u00f3n de comisi\u00f3n donde adem\u00e1s<strong> se formaliz\u00f3 el ingreso de la concejal Mariana Diamanti<\/strong>, <a href=\"https:\/\/cdnoticias.com\/index.php\/2023\/09\/08\/hcd-diamanti-vuelve-al-hcd-y-aprobaron-la-licencia-de-amespil\/\" target=\"_blank\" rel=\"noopener\">quien se incorpor\u00f3 al cuerpo la semana pasada<\/a>.<\/p>\n<p>&nbsp;<\/p>\n<p><img data-recalc-dims=\"1\" loading=\"lazy\" decoding=\"async\" class=\"size-full wp-image-95835 aligncenter\" src=\"https:\/\/i0.wp.com\/cdnoticias.com\/wp-content\/uploads\/2023\/09\/HCD-legislacion-00.jpg?resize=800%2C445&#038;ssl=1\" alt=\"\" width=\"800\" height=\"445\" srcset=\"https:\/\/i0.wp.com\/cdnoticias.com\/wp-content\/uploads\/2023\/09\/HCD-legislacion-00.jpg?w=800&amp;ssl=1 800w, https:\/\/i0.wp.com\/cdnoticias.com\/wp-content\/uploads\/2023\/09\/HCD-legislacion-00.jpg?resize=300%2C167&amp;ssl=1 300w, https:\/\/i0.wp.com\/cdnoticias.com\/wp-content\/uploads\/2023\/09\/HCD-legislacion-00.jpg?resize=768%2C427&amp;ssl=1 768w\" sizes=\"auto, (max-width: 800px) 100vw, 800px\" \/><\/p>\n<p>&nbsp;<\/p>\n<p>En el transcurso de la reuni\u00f3n, la comisi\u00f3n de Legislaci\u00f3n<strong> despach\u00f3 nueve expedientes<\/strong> que se tratar\u00e1n el jueves en la<strong> sesi\u00f3n ordinaria del HCD.<\/strong><\/p>\n<p>&nbsp;<\/p>\n<p>Se informa que este mi\u00e9rcoles desde las 9 horas se llevar\u00e1 adelante la comisi\u00f3n de Labor Parlamentaria.<\/p>\n<p>&nbsp;<\/p>\n","protected":false},"excerpt":{"rendered":"<p>El jefe de la bancada de Juntos reemplaza a Guillermina Amespil en la presidencia de la comisi\u00f3n. El jueves sesionar\u00e1<\/p>\n","protected":false},"author":4,"featured_media":95834,"comment_status":"closed","ping_status":"closed","sticky":false,"template":"","format":"standard","meta":{"_jetpack_memberships_contains_paid_content":false,"footnotes":""},"categories":[4,1],"tags":[],"class_list":["post-95833","post","type-post","status-publish","format-standard","has-post-thumbnail","hentry","category-politica","category-portada"],"jetpack_featured_media_url":"https:\/\/i0.wp.com\/cdnoticias.com\/wp-content\/uploads\/2023\/09\/HCD-legislacion-01.jpg?fit=800%2C445&ssl=1","jetpack_sharing_enabled":true,"_links":{"self":[{"href":"https:\/\/cdnoticias.com\/index.php\/wp-json\/wp\/v2\/posts\/95833","targetHints":{"allow":["GET"]}}],"collection":[{"href":"https:\/\/cdnoticias.com\/index.php\/wp-json\/wp\/v2\/posts"}],"about":[{"href":"https:\/\/cdnoticias.com\/index.php\/wp-json\/wp\/v2\/types\/post"}],"author":[{"embeddable":true,"href":"https:\/\/cdnoticias.com\/index.php\/wp-json\/wp\/v2\/users\/4"}],"replies":[{"embeddable":true,"href":"https:\/\/cdnoticias.com\/index.php\/wp-json\/wp\/v2\/comments?post=95833"}],"version-history":[{"count":0,"href":"https:\/\/cdnoticias.com\/index.php\/wp-json\/wp\/v2\/posts\/95833\/revisions"}],"wp:featuredmedia":[{"embeddable":true,"href":"https:\/\/cdnoticias.com\/index.php\/wp-json\/wp\/v2\/media\/95834"}],"wp:attachment":[{"href":"https:\/\/cdnoticias.com\/index.php\/wp-json\/wp\/v2\/media?parent=95833"}],"wp:term":[{"taxonomy":"category","embeddable":true,"href":"https:\/\/cdnoticias.com\/index.php\/wp-json\/wp\/v2\/categories?post=95833"},{"taxonomy":"post_tag","embeddable":true,"href":"https:\/\/cdnoticias.com\/index.php\/wp-json\/wp\/v2\/tags?post=95833"}],"curies":[{"name":"wp","href":"https:\/\/api.w.org\/{rel}","templated":true}]}}