{"id":95818,"date":"2023-09-13T15:30:37","date_gmt":"2023-09-13T18:30:37","guid":{"rendered":"https:\/\/www.centraldenoticias.com.ar\/?p=95818"},"modified":"2023-09-13T15:30:37","modified_gmt":"2023-09-13T18:30:37","slug":"libros-en-olavarria-charla-del-periodista-cholo-sottile","status":"publish","type":"post","link":"https:\/\/cdnoticias.com\/index.php\/2023\/09\/13\/libros-en-olavarria-charla-del-periodista-cholo-sottile\/","title":{"rendered":"Libros en Olavarr\u00eda: charla del periodista \u201cCholo\u201d Sottile"},"content":{"rendered":"<p>Hablar\u00e1 sobre la experiencia de escribir \u201cMessi. El distinto\u201d. Ser\u00e1 el s\u00e1bado 16 en el Centro Cultural Municipal \u201cSan Jos\u00e9\u201d.<!--more--><\/p>\n<hr \/>\n<p>Desde el Municipio se informaron modificaciones en el cronograma de la <strong>27\u00b0 edici\u00f3n de la muestra en \u201cLibros en Olavarr\u00eda\u201d<\/strong> <a href=\"https:\/\/cdnoticias.com\/index.php\/2023\/09\/12\/libros-en-olavarria-queremos-acercar-la-lectura-a-cada-una-de-las-familias\/\" target=\"_blank\" rel=\"noopener\">que comienza este mi\u00e9rcoles<\/a>.<\/p>\n<p>&nbsp;<\/p>\n<p>En ese sentido, se inform\u00f3 que este s\u00e1bado 16 desde las 20, el periodista deportivo Marcelo \u00abCholo\u00bb Sottile <strong>ofrecer\u00e1 una charla sobre la experiencia de escribir \u00abMessi. El distinto\u00bb<\/strong>, en la Sala 2 del Centro Cultural Municipal \u201cSan Jos\u00e9\u201d, donde se desarrollar\u00e1 la tradicional muestra.<\/p>\n<p>&nbsp;<\/p>\n<blockquote><p>La charla de Sottile se efectuar\u00e1 en reemplazo de las presentaciones de Alejandro Wall y Gast\u00f3n Edul que fueron suspendidas por los escritores, por cuestiones ajenas a la organizaci\u00f3n.<\/p><\/blockquote>\n<p>&nbsp;<\/p>\n<p><strong>\u201cLibros en Olavarr\u00eda\u201d 2023, se llevar\u00e1 a cabo los d\u00edas 13 al 17 de septiembre en el Centro Cultural.<\/strong> Cada d\u00eda, en horas de la tarde, quienes visiten la exposici\u00f3n podr\u00e1n disfrutar de m\u00faltiples y diversas propuestas: talleres, charlas, actividades, m\u00fasica. Figuras locales, regionales y nacionales, se dar\u00e1n cita en esta 27\u00b0 edici\u00f3n de la Muestra.<\/p>\n<p>&nbsp;<\/p>\n<blockquote class=\"wp-embedded-content\" data-secret=\"LQUUaf888r\"><p><a href=\"https:\/\/cdnoticias.com\/index.php\/2023\/09\/04\/conoce-el-cronograma-completo-de-la-edicion-27o-de-libros-en-olavarria\/\">Conoc\u00e9 el cronograma completo de la edici\u00f3n 27\u00ba de Libros en Olavarr\u00eda<\/a><\/p><\/blockquote>\n<p><iframe loading=\"lazy\" class=\"wp-embedded-content\" sandbox=\"allow-scripts\" security=\"restricted\" style=\"position: absolute; clip: rect(1px, 1px, 1px, 1px);\" title=\"&#8220;Conoc\u00e9 el cronograma completo de la edici\u00f3n 27\u00ba de Libros en Olavarr\u00eda&#8221; &#8212; Central de Noticias | Olavarr\u00eda\" src=\"https:\/\/cdnoticias.com\/index.php\/2023\/09\/04\/conoce-el-cronograma-completo-de-la-edicion-27o-de-libros-en-olavarria\/embed\/#?secret=5MMHbQxvCM#?secret=LQUUaf888r\" data-secret=\"LQUUaf888r\" width=\"600\" height=\"338\" frameborder=\"0\" marginwidth=\"0\" marginheight=\"0\" scrolling=\"no\"><\/iframe><\/p>\n","protected":false},"excerpt":{"rendered":"<p>Hablar\u00e1 sobre la experiencia de escribir \u201cMessi. El distinto\u201d. Ser\u00e1 el s\u00e1bado 16 en el Centro Cultural Municipal \u201cSan Jos\u00e9\u201d.<\/p>\n","protected":false},"author":5,"featured_media":95819,"comment_status":"closed","ping_status":"closed","sticky":false,"template":"","format":"standard","meta":{"_jetpack_memberships_contains_paid_content":false,"footnotes":""},"categories":[9,1],"tags":[],"class_list":["post-95818","post","type-post","status-publish","format-standard","has-post-thumbnail","hentry","category-cultura","category-portada"],"jetpack_featured_media_url":"https:\/\/i0.wp.com\/cdnoticias.com\/wp-content\/uploads\/2023\/09\/Cholo-Sottile-430x381-1.png?fit=430%2C381&ssl=1","jetpack_sharing_enabled":true,"_links":{"self":[{"href":"https:\/\/cdnoticias.com\/index.php\/wp-json\/wp\/v2\/posts\/95818","targetHints":{"allow":["GET"]}}],"collection":[{"href":"https:\/\/cdnoticias.com\/index.php\/wp-json\/wp\/v2\/posts"}],"about":[{"href":"https:\/\/cdnoticias.com\/index.php\/wp-json\/wp\/v2\/types\/post"}],"author":[{"embeddable":true,"href":"https:\/\/cdnoticias.com\/index.php\/wp-json\/wp\/v2\/users\/5"}],"replies":[{"embeddable":true,"href":"https:\/\/cdnoticias.com\/index.php\/wp-json\/wp\/v2\/comments?post=95818"}],"version-history":[{"count":0,"href":"https:\/\/cdnoticias.com\/index.php\/wp-json\/wp\/v2\/posts\/95818\/revisions"}],"wp:featuredmedia":[{"embeddable":true,"href":"https:\/\/cdnoticias.com\/index.php\/wp-json\/wp\/v2\/media\/95819"}],"wp:attachment":[{"href":"https:\/\/cdnoticias.com\/index.php\/wp-json\/wp\/v2\/media?parent=95818"}],"wp:term":[{"taxonomy":"category","embeddable":true,"href":"https:\/\/cdnoticias.com\/index.php\/wp-json\/wp\/v2\/categories?post=95818"},{"taxonomy":"post_tag","embeddable":true,"href":"https:\/\/cdnoticias.com\/index.php\/wp-json\/wp\/v2\/tags?post=95818"}],"curies":[{"name":"wp","href":"https:\/\/api.w.org\/{rel}","templated":true}]}}