{"id":95808,"date":"2023-09-12T11:31:33","date_gmt":"2023-09-12T14:31:33","guid":{"rendered":"https:\/\/www.centraldenoticias.com.ar\/?p=95808"},"modified":"2023-09-12T11:31:33","modified_gmt":"2023-09-12T14:31:33","slug":"piden-mantenimiento-de-calles-en-distintos-sectores-de-la-ciudad","status":"publish","type":"post","link":"https:\/\/cdnoticias.com\/index.php\/2023\/09\/12\/piden-mantenimiento-de-calles-en-distintos-sectores-de-la-ciudad\/","title":{"rendered":"Piden mantenimiento de calles en distintos sectores de la ciudad"},"content":{"rendered":"<p>La solicitud fue realizada por el Foro Olavarr\u00eda \u2013 Frente Renovador. Apuntan al mal estado, situaciones de anegamientos y levantamiento de tierra. <!--more--><\/p>\n<hr \/>\n<p>El bloque conformado por la concejala In\u00e9s Creimer y el concejal Gast\u00f3n Sarachu elev\u00f3 un proyecto de resoluci\u00f3n al Concejo Deliberante para solicitar al Municipio el mantenimiento y conservaci\u00f3n de <strong>avenida La Rioja entre las avenidas Sarmiento y Del Valle<\/strong>, y la calle<strong> San Mart\u00edn entre las avenidas Eva Per\u00f3n y Pellegrini.<\/strong><\/p>\n<p>&nbsp;<\/p>\n<p>El proyecto fue motivado por \u201clos recurrentes reclamos por parte de vecinos de los barrios SCAC, Tiro Federal, Provincias Argentinas; y estudiantes de la UNICEN y a la Escuela de Educaci\u00f3n T\u00e9cnica N\u00b02\u201d, explicaron desde Foro Olavarr\u00eda &#8211; Frente Renovador en Uni\u00f3n por la Patria. \u201cEs responsabilidad del Municipio el mantenimiento de las calles existentes en el ejido urbano\u201d, indicaron.<\/p>\n<p>&nbsp;<\/p>\n<blockquote><p>La problem\u00e1tica en cuesti\u00f3n se enfoca en los reclamos vecinales y de instituciones aleda\u00f1as \u201csobre el mal estado de las calles y situaciones de anegamientos en d\u00edas de lluvia y levantamiento de tierra los d\u00edas de mucho calor\u201d, afirmaron los concejales Creimer y Sarachu.<\/p><\/blockquote>\n<p>&nbsp;<\/p>\n<p>En concreto, solicitaron la presencia de un <strong>cami\u00f3n regador<\/strong> con la frecuencia suficiente para que en los horarios de ingreso y egreso de las instituciones educativas no se levante tierra en los sectores mencionados, <strong>instalaci\u00f3n de luminarias y la instalaci\u00f3n de reductores de velocidad.<\/strong><\/p>\n<p>&nbsp;<\/p>\n","protected":false},"excerpt":{"rendered":"<p>La solicitud fue realizada por el Foro Olavarr\u00eda \u2013 Frente Renovador. Apuntan al mal estado, situaciones de anegamientos y levantamiento<\/p>\n","protected":false},"author":5,"featured_media":82266,"comment_status":"closed","ping_status":"closed","sticky":false,"template":"","format":"standard","meta":{"_jetpack_memberships_contains_paid_content":false,"footnotes":""},"categories":[4,1],"tags":[],"class_list":["post-95808","post","type-post","status-publish","format-standard","has-post-thumbnail","hentry","category-politica","category-portada"],"jetpack_featured_media_url":"https:\/\/i0.wp.com\/cdnoticias.com\/wp-content\/uploads\/2023\/04\/hcd-foro-olavarria.jpg?fit=800%2C445&ssl=1","jetpack_sharing_enabled":true,"_links":{"self":[{"href":"https:\/\/cdnoticias.com\/index.php\/wp-json\/wp\/v2\/posts\/95808","targetHints":{"allow":["GET"]}}],"collection":[{"href":"https:\/\/cdnoticias.com\/index.php\/wp-json\/wp\/v2\/posts"}],"about":[{"href":"https:\/\/cdnoticias.com\/index.php\/wp-json\/wp\/v2\/types\/post"}],"author":[{"embeddable":true,"href":"https:\/\/cdnoticias.com\/index.php\/wp-json\/wp\/v2\/users\/5"}],"replies":[{"embeddable":true,"href":"https:\/\/cdnoticias.com\/index.php\/wp-json\/wp\/v2\/comments?post=95808"}],"version-history":[{"count":0,"href":"https:\/\/cdnoticias.com\/index.php\/wp-json\/wp\/v2\/posts\/95808\/revisions"}],"wp:featuredmedia":[{"embeddable":true,"href":"https:\/\/cdnoticias.com\/index.php\/wp-json\/wp\/v2\/media\/82266"}],"wp:attachment":[{"href":"https:\/\/cdnoticias.com\/index.php\/wp-json\/wp\/v2\/media?parent=95808"}],"wp:term":[{"taxonomy":"category","embeddable":true,"href":"https:\/\/cdnoticias.com\/index.php\/wp-json\/wp\/v2\/categories?post=95808"},{"taxonomy":"post_tag","embeddable":true,"href":"https:\/\/cdnoticias.com\/index.php\/wp-json\/wp\/v2\/tags?post=95808"}],"curies":[{"name":"wp","href":"https:\/\/api.w.org\/{rel}","templated":true}]}}