{"id":95804,"date":"2023-09-12T11:02:21","date_gmt":"2023-09-12T14:02:21","guid":{"rendered":"https:\/\/www.centraldenoticias.com.ar\/?p=95804"},"modified":"2023-09-12T11:02:21","modified_gmt":"2023-09-12T14:02:21","slug":"encuentro-republicano-federal-y-las-definiciones-rumbo-a-octubre","status":"publish","type":"post","link":"https:\/\/cdnoticias.com\/index.php\/2023\/09\/12\/encuentro-republicano-federal-y-las-definiciones-rumbo-a-octubre\/","title":{"rendered":"Encuentro Republicano Federal y las definiciones rumbo a octubre"},"content":{"rendered":"<p>Mario Cura encabez\u00f3 una cena en el Club Pueblo Nuevo. Convoc\u00f3 a la militancia a \u201cun esfuerzo adicional para transmitir a toda la ciudadan\u00eda que acompa\u00f1en el 22 de octubre pr\u00f3ximo a Patricia Bullrich y todas las listas de Juntos Por el Cambio\u201d.<\/p>\n<p><!--more--><\/p>\n<hr \/>\n<p>El pasado jueves a la noche, cena de por medio,<strong> Encuentro Republicano Federal Olavarr\u00eda<\/strong> -el sector partidario que <em>integra Juntos por el Cambio y en Olavarr\u00eda conduce Mario Cura<\/em>&#8211; se reuni\u00f3 en el Club Pueblo Nuevo para <strong>definir acciones de cara a las pr\u00f3ximas elecciones generales<\/strong> a nivel nacional, provincial y municipal.<\/p>\n<p>&nbsp;<\/p>\n<p>Adem\u00e1s del contador, estuvieron el <strong>presidente de la Fundaci\u00f3n Encuentro \u2013 Delegaci\u00f3n Centro \u2013 Jos\u00e9 Rodr\u00edguez Silveira, el concejal Nicol\u00e1s Marinangeli y militantes\/dirigentes<\/strong>.<\/p>\n<p>&nbsp;<\/p>\n<p>Cura expres\u00f3: &#8220;Nuestro grupo forma parte de Encuentro Republicano Federal, un espacio pol\u00edtico liderado a nivel nacional por <strong>Miguel \u00c1ngel Pichetto<\/strong>. <strong>En el \u00e1mbito local y seccional, trabajamos para representar sus ideales\u201d.<\/strong><\/p>\n<p>&nbsp;<\/p>\n<p>Resalt\u00f3 que \u201cfaltan tan solo 40 d\u00edas aproximadamente, y en este tiempo, debemos esforzarnos al m\u00e1ximo, para llegar a nuestro objetivo, que es que,<strong> Juntos por El Cambio sea la fuerza elegida por los ciudadanos para gobernar\u201d<\/strong> enfatiz\u00f3.<\/p>\n<p>&nbsp;<\/p>\n<blockquote><p>\u201cNuestro l\u00edder nacional fue muy claro al respecto. En nuestro grupo, valoramos la democracia, y aunque participamos en una competencia interna que perdimos, es esencial unirnos en apoyo a la ganadora, que en este caso fue Patricia Bullrich\u201d dijo Cura sin m\u00e1s alusiones a los ganadores provincial y olavarriense de la PASO.<\/p><\/blockquote>\n<p>&nbsp;<\/p>\n<p>Ante la mirada de los militantes <strong>transmiti\u00f3 algunos indicadores como el nivel de pobreza<\/strong> alcanzado, \u201cd\u00f3nde nos ha llevado despu\u00e9s de 16 a\u00f1os el gobierno kirchnerista, que ha sido catastr\u00f3fico y remarcando que lo de Alberto Fern\u00e1ndez es calamitoso\u201d se subray\u00f3 desde Encuentro Republicano. <strong>Cura apunt\u00f3 directo contra el candidato presidencial del oficialismo nacional<\/strong><em>: \u201cni hablar de la gesti\u00f3n de Massa, que vino con una actitud de llevarse todo por delante y que \u00e9l era capaz de mejorar la grave situaci\u00f3n, cuando hace un a\u00f1o que est\u00e1 en el Ministerio de Econom\u00eda sin resolver absolutamente nada, todo lo contrario, la inflaci\u00f3n volando por los aires\u201d<\/em>.<\/p>\n<p>&nbsp;<\/p>\n<p>M\u00e1s adelante <strong>tambi\u00e9n se\u00f1al\u00f3 cr\u00edticamente hacia el candidato libertario<\/strong> al manifestar que \u201cfrente a propuestas alocadas que promueve alg\u00fan candidato como la dolarizaci\u00f3n (impracticable) y el enfoque de la \u00b4motosierra\u00b4, nuestro espacio Juntos por el Cambio ha presentado a distinguidos profesionales como es el caso de Melconian y su equipo (Fundaci\u00f3n Mediterr\u00e1nea), quienes seriamente ser\u00e1n los conductores de la econom\u00eda en el pr\u00f3ximo gobierno a partir del 10 de diciembre\u201d.<\/p>\n<p>&nbsp;<\/p>\n<blockquote><p>Sobre el cierre de su intervenci\u00f3n, el contador Cura convoc\u00f3 a los asistentes a \u201cun esfuerzo adicional para transmitir a toda la ciudadan\u00eda que acompa\u00f1en el 22 de octubre pr\u00f3ximo a Patricia Bullrich y todas las listas de Juntos Por el Cambio, que seguramente ser\u00e1n la garant\u00eda del cambio que necesita nuestra Argentina\u201d.<\/p><\/blockquote>\n","protected":false},"excerpt":{"rendered":"<p>Mario Cura encabez\u00f3 una cena en el Club Pueblo Nuevo. Convoc\u00f3 a la militancia a \u201cun esfuerzo adicional para transmitir<\/p>\n","protected":false},"author":4,"featured_media":95806,"comment_status":"closed","ping_status":"closed","sticky":false,"template":"","format":"standard","meta":{"_jetpack_memberships_contains_paid_content":false,"footnotes":""},"categories":[4,1],"tags":[],"class_list":["post-95804","post","type-post","status-publish","format-standard","has-post-thumbnail","hentry","category-politica","category-portada"],"jetpack_featured_media_url":"https:\/\/i0.wp.com\/cdnoticias.com\/wp-content\/uploads\/2023\/09\/mario-cura-encuentro-republicano-00.jpg?fit=800%2C445&ssl=1","jetpack_sharing_enabled":true,"_links":{"self":[{"href":"https:\/\/cdnoticias.com\/index.php\/wp-json\/wp\/v2\/posts\/95804","targetHints":{"allow":["GET"]}}],"collection":[{"href":"https:\/\/cdnoticias.com\/index.php\/wp-json\/wp\/v2\/posts"}],"about":[{"href":"https:\/\/cdnoticias.com\/index.php\/wp-json\/wp\/v2\/types\/post"}],"author":[{"embeddable":true,"href":"https:\/\/cdnoticias.com\/index.php\/wp-json\/wp\/v2\/users\/4"}],"replies":[{"embeddable":true,"href":"https:\/\/cdnoticias.com\/index.php\/wp-json\/wp\/v2\/comments?post=95804"}],"version-history":[{"count":0,"href":"https:\/\/cdnoticias.com\/index.php\/wp-json\/wp\/v2\/posts\/95804\/revisions"}],"wp:featuredmedia":[{"embeddable":true,"href":"https:\/\/cdnoticias.com\/index.php\/wp-json\/wp\/v2\/media\/95806"}],"wp:attachment":[{"href":"https:\/\/cdnoticias.com\/index.php\/wp-json\/wp\/v2\/media?parent=95804"}],"wp:term":[{"taxonomy":"category","embeddable":true,"href":"https:\/\/cdnoticias.com\/index.php\/wp-json\/wp\/v2\/categories?post=95804"},{"taxonomy":"post_tag","embeddable":true,"href":"https:\/\/cdnoticias.com\/index.php\/wp-json\/wp\/v2\/tags?post=95804"}],"curies":[{"name":"wp","href":"https:\/\/api.w.org\/{rel}","templated":true}]}}