{"id":95789,"date":"2023-09-12T18:36:06","date_gmt":"2023-09-12T21:36:06","guid":{"rendered":"https:\/\/www.centraldenoticias.com.ar\/?p=95789"},"modified":"2023-09-12T20:13:32","modified_gmt":"2023-09-12T23:13:32","slug":"intento-robar-un-medidor-de-agua-y-fue-aprehendido","status":"publish","type":"post","link":"https:\/\/cdnoticias.com\/index.php\/2023\/09\/12\/intento-robar-un-medidor-de-agua-y-fue-aprehendido\/","title":{"rendered":"Intent\u00f3 robar un medidor de agua y fue aprehendido"},"content":{"rendered":"<p>El hombre se encontraba en una obra en construcci\u00f3n. Enfrenta una causa de &#8220;robo en grado de tentativa&#8221;. <!--more--><\/p>\n<hr \/>\n<p>Un hombre de 36 a\u00f1os fue<strong> aprehendido el lunes al intentar robar un medidor de agua<\/strong> de una obra en construcci\u00f3n.<\/p>\n<p>&nbsp;<\/p>\n<p>Seg\u00fan se inform\u00f3, se encontraba en una propiedad ubicada en Rufino Fal entre Alsina y Lavalle y <strong>hab\u00eda cortado los ca\u00f1os de conexi\u00f3n para apoderarse del artefacto.<\/strong><\/p>\n<p>&nbsp;<\/p>\n<p>Fue aprehendido por efectivos de la Polic\u00eda Local y trasladado a la comisar\u00eda Primera a disposici\u00f3n de la UFI N\u00b0 4. La causa est\u00e1 caratulada como \u201crobo en grado de tentativa\u201d.<\/p>\n","protected":false},"excerpt":{"rendered":"<p>El hombre se encontraba en una obra en construcci\u00f3n. Enfrenta una causa de &#8220;robo en grado de tentativa&#8221;.<\/p>\n","protected":false},"author":5,"featured_media":95790,"comment_status":"closed","ping_status":"closed","sticky":false,"template":"","format":"standard","meta":{"_jetpack_memberships_contains_paid_content":false,"footnotes":""},"categories":[14,1],"tags":[],"class_list":["post-95789","post","type-post","status-publish","format-standard","has-post-thumbnail","hentry","category-policiales","category-portada"],"jetpack_featured_media_url":"https:\/\/i0.wp.com\/cdnoticias.com\/wp-content\/uploads\/2023\/09\/aprehendido-medidor.jpg?fit=800%2C445&ssl=1","jetpack_sharing_enabled":true,"_links":{"self":[{"href":"https:\/\/cdnoticias.com\/index.php\/wp-json\/wp\/v2\/posts\/95789","targetHints":{"allow":["GET"]}}],"collection":[{"href":"https:\/\/cdnoticias.com\/index.php\/wp-json\/wp\/v2\/posts"}],"about":[{"href":"https:\/\/cdnoticias.com\/index.php\/wp-json\/wp\/v2\/types\/post"}],"author":[{"embeddable":true,"href":"https:\/\/cdnoticias.com\/index.php\/wp-json\/wp\/v2\/users\/5"}],"replies":[{"embeddable":true,"href":"https:\/\/cdnoticias.com\/index.php\/wp-json\/wp\/v2\/comments?post=95789"}],"version-history":[{"count":0,"href":"https:\/\/cdnoticias.com\/index.php\/wp-json\/wp\/v2\/posts\/95789\/revisions"}],"wp:featuredmedia":[{"embeddable":true,"href":"https:\/\/cdnoticias.com\/index.php\/wp-json\/wp\/v2\/media\/95790"}],"wp:attachment":[{"href":"https:\/\/cdnoticias.com\/index.php\/wp-json\/wp\/v2\/media?parent=95789"}],"wp:term":[{"taxonomy":"category","embeddable":true,"href":"https:\/\/cdnoticias.com\/index.php\/wp-json\/wp\/v2\/categories?post=95789"},{"taxonomy":"post_tag","embeddable":true,"href":"https:\/\/cdnoticias.com\/index.php\/wp-json\/wp\/v2\/tags?post=95789"}],"curies":[{"name":"wp","href":"https:\/\/api.w.org\/{rel}","templated":true}]}}