{"id":95736,"date":"2023-09-20T17:09:38","date_gmt":"2023-09-20T20:09:38","guid":{"rendered":"https:\/\/www.centraldenoticias.com.ar\/?p=95736"},"modified":"2023-09-20T17:09:38","modified_gmt":"2023-09-20T20:09:38","slug":"dia-de-la-primavera-jornada-de-promocion-sanitaria","status":"publish","type":"post","link":"https:\/\/cdnoticias.com\/index.php\/2023\/09\/20\/dia-de-la-primavera-jornada-de-promocion-sanitaria\/","title":{"rendered":"D\u00eda de la Primavera: jornada de promoci\u00f3n sanitaria"},"content":{"rendered":"<p>Se llevar\u00e1 a cabo el jueves 21 en el Paseo de la Salud. En esta oportunidad, se realizar\u00e1n testeos gratuitos de VIH y S\u00edfilis. Los an\u00e1lisis se env\u00edan de forma personalizada v\u00eda WhatsApp y demoran s\u00f3lo unas horas.<!--more--><\/p>\n<hr \/>\n<p>Junto con el comienzo del <strong>D\u00eda de la Primavera<\/strong>, desde la Secretar\u00eda de Salud; con la colaboraci\u00f3n de estudiantes de la Facultad de Salud, llevar\u00e1n a cabo <strong>actividades de prevenci\u00f3n y promoci\u00f3n sanitaria.<\/strong><\/p>\n<p>&nbsp;<\/p>\n<p>Tales actividades se llevar\u00e1n a cabo el pr\u00f3ximo <strong>jueves 21 de septiembre en el horario de 16:00 a 18:00 horas<\/strong> y, como es habitual, tendr\u00e1n como sede las inmediaciones del <strong>Paseo de la Salud<\/strong> (avenida Brown y Belgrano).<\/p>\n<p>&nbsp;<\/p>\n<p>En esta oportunidad, se realizar\u00e1n<strong> testeos gratuitos de VIH y S\u00edfilis.<\/strong> Los an\u00e1lisis se env\u00edan de forma personalizada v\u00eda WhatsApp y demoran s\u00f3lo unas horas. Al mismo tiempo, se desarrollar\u00e1n<strong> charlas sobre Salud Sexual<\/strong>, acompa\u00f1adas de\u00a0 entrega de preservativos y distribuci\u00f3n de folleter\u00eda informativa. Por otra parte, habr\u00e1 <strong>capacitaci\u00f3n en RCP, uso de DEA y primeros auxilios,<\/strong> a cargo de personal del Paseo.<\/p>\n<p>&nbsp;<\/p>\n<p>La iniciativa es organizada en conjunto por los servicios de Laboratorio, Infectolog\u00eda y Epidemiolog\u00eda, el Programa Municipal de Salud Sexual y Reproductiva, y las Residencias de: Medicina General, Enfermer\u00eda Comunitaria y Epidemiologia; direcci\u00f3n de APS y personal del paseo de la Salud.<\/p>\n","protected":false},"excerpt":{"rendered":"<p>Se llevar\u00e1 a cabo el jueves 21 en el Paseo de la Salud. En esta oportunidad, se realizar\u00e1n testeos gratuitos<\/p>\n","protected":false},"author":6,"featured_media":17768,"comment_status":"closed","ping_status":"closed","sticky":false,"template":"","format":"standard","meta":{"_jetpack_memberships_contains_paid_content":false,"footnotes":""},"categories":[5,1],"tags":[],"class_list":["post-95736","post","type-post","status-publish","format-standard","has-post-thumbnail","hentry","category-informacion-general","category-portada"],"jetpack_featured_media_url":"https:\/\/i0.wp.com\/cdnoticias.com\/wp-content\/uploads\/2021\/04\/RTAPaseodelaSalud04.jpg?fit=800%2C445&ssl=1","jetpack_sharing_enabled":true,"_links":{"self":[{"href":"https:\/\/cdnoticias.com\/index.php\/wp-json\/wp\/v2\/posts\/95736","targetHints":{"allow":["GET"]}}],"collection":[{"href":"https:\/\/cdnoticias.com\/index.php\/wp-json\/wp\/v2\/posts"}],"about":[{"href":"https:\/\/cdnoticias.com\/index.php\/wp-json\/wp\/v2\/types\/post"}],"author":[{"embeddable":true,"href":"https:\/\/cdnoticias.com\/index.php\/wp-json\/wp\/v2\/users\/6"}],"replies":[{"embeddable":true,"href":"https:\/\/cdnoticias.com\/index.php\/wp-json\/wp\/v2\/comments?post=95736"}],"version-history":[{"count":0,"href":"https:\/\/cdnoticias.com\/index.php\/wp-json\/wp\/v2\/posts\/95736\/revisions"}],"wp:featuredmedia":[{"embeddable":true,"href":"https:\/\/cdnoticias.com\/index.php\/wp-json\/wp\/v2\/media\/17768"}],"wp:attachment":[{"href":"https:\/\/cdnoticias.com\/index.php\/wp-json\/wp\/v2\/media?parent=95736"}],"wp:term":[{"taxonomy":"category","embeddable":true,"href":"https:\/\/cdnoticias.com\/index.php\/wp-json\/wp\/v2\/categories?post=95736"},{"taxonomy":"post_tag","embeddable":true,"href":"https:\/\/cdnoticias.com\/index.php\/wp-json\/wp\/v2\/tags?post=95736"}],"curies":[{"name":"wp","href":"https:\/\/api.w.org\/{rel}","templated":true}]}}